{"id":9939,"date":"2022-09-15T08:43:42","date_gmt":"2022-09-15T13:43:42","guid":{"rendered":"https:\/\/www.amchambaq.com\/?p=9939"},"modified":"2022-09-15T08:43:42","modified_gmt":"2022-09-15T13:43:42","slug":"olimpica-y-unicef-fortalecen-union-para-beneficiar-a-22-mil-ninos-en-el-pais","status":"publish","type":"post","link":"https:\/\/www.amchambaq.com\/es_co\/olimpica-y-unicef-fortalecen-union-para-beneficiar-a-22-mil-ninos-en-el-pais\/","title":{"rendered":"Ol\u00edmpica y Unicef fortalecen uni\u00f3n para beneficiar a 22 mil ni\u00f1os en el pa\u00eds"},"content":{"rendered":"<p>Para generar un impacto en la nutrici\u00f3n de ni\u00f1as, ni\u00f1os y adolescentes de las regiones m\u00e1s vulnerables del pa\u00eds,\u00a0<strong>Ol\u00edmpica\u00a0<\/strong>y\u00a0<strong>Unicef\u00a0<\/strong>decidieron renovar la alianza que comenz\u00f3 hace 8 a\u00f1os en 2014 apoyando al programa \u2018Seres de Cuidado\u2019, que promueve pr\u00e1cticas de cuidado y crianza.<\/p>\n<div id=\"body\" class=\"content-article size-m\">\n<p>Durante la implementaci\u00f3n, Ol\u00edmpica y Unicef desplegaron acciones en\u00a0<strong>La Guajira<\/strong>,\u00a0<strong>C\u00f3rdoba<\/strong>,\u00a0<strong>Choc\u00f3\u00a0<\/strong>y\u00a0<strong>Nari\u00f1o<\/strong>.<\/p>\n<\/div>\n<div id=\"paragraphs\" class=\"content-article paragraphs size-m\">\n<div class=\"field-collection-container clearfix\">\n<div class=\"field field-name-field-contenido-articulos-2 field-type-field-collection field-label-hidden\">\n<div class=\"field-item even\">\n<div class=\"field-collection-view clearfix view-mode-full field-collection-view-final\">\n<div class=\"content\">\n<div class=\"paragraphs-items paragraphs-items-field-campos paragraphs-items-field-campos-full paragraphs-items-full\">\n<div class=\"field field-name-field-campos field-type-paragraphs field-label-hidden\">\n<div class=\"field-item even\">\n<div id=\"relacionado-body\">\n<div class=\"box-title\">\n<p>A partir de estas acciones, fue posible beneficiar a<strong>\u00a02.949 familias<\/strong>, es decir 9.808 personas que hicieron parte de estas pr\u00e1cticas de cuidado de las cuales, 5.794 eran ni\u00f1os y ni\u00f1as, 457 mujeres embarazadas, 1.242 madres lactantes y 1.100 adolescentes.<\/p>\n<p>\u201cLa experiencia de trabajo con Ol\u00edmpica ha sido muy satisfactoria, ya que en Unicef estamos convencidos de que todos, el sector privado, de las personas, los medios de comunicaci\u00f3n y los expertos pueden contribuir al<strong>\u00a0bienestar de los ni\u00f1os<\/strong>, ni\u00f1as y adolescentes \u201ddijo Flavio Bianchi, Gerente de Recaudaci\u00f3n de Fondos de Unicef.<\/p>\n<p>\u201cTenemos la ambici\u00f3n de alcanzar una mayor cantidad de\u00a0<strong>territorios\u00a0atendidos\u00a0<\/strong>y por eso parte importante de los logros ha sido el apoyo de nuestros colaboradores de cara al impacto sobre las condiciones y la calidad de vida de ni\u00f1os, ni\u00f1as y adolescentes que son el futuro de Colombia\u201d sostuvo Linda Char, vicepresidente de Mercadeo de Supertiendas y Droguer\u00edas Ol\u00edmpica.<\/p>\n<p>De acuerdo con la Encuesta Nacional de la Situaci\u00f3n Nutricional (<strong>ENSIN\u00a02015<\/strong>), el exceso de peso para la poblaci\u00f3n infantil de 5 a 12 a\u00f1os en Colombia alcanza un 24,4 % y en los adolescentes entre 13 y 17 a\u00f1os se eleva a 17,9 %.<\/p>\n<p>Solo el 31,1 % de poblaci\u00f3n en edad escolar cumple con las recomendaciones de la\u00a0<strong>OMS\u00a0<\/strong>de realizar 60 minutos de actividad f\u00edsica al d\u00eda.<\/p>\n<p>Tomado de: EL HERALDO<\/p>\n<\/div>\n<\/div>\n<\/div>\n<\/div>\n<\/div>\n<\/div>\n<\/div>\n<\/div>\n<\/div>\n<\/div>\n<\/div>\n","protected":false},"excerpt":{"rendered":"<p>Para generar un impacto en la nutrici\u00f3n de ni\u00f1as, ni\u00f1os y adolescentes de las regiones m\u00e1s vulnerables del pa\u00eds,\u00a0Ol\u00edmpica\u00a0y\u00a0Unicef\u00a0decidieron renovar la alianza que comenz\u00f3 hace 8 a\u00f1os en 2014 apoyando al programa \u2018Seres de Cuidado\u2019, que promueve pr\u00e1cticas de cuidado y crianza. Durante la implementaci\u00f3n, Ol\u00edmpica y Unicef desplegaron acciones en\u00a0La Guajira,\u00a0C\u00f3rdoba,\u00a0Choc\u00f3\u00a0y\u00a0Nari\u00f1o. A partir de<\/p>\n","protected":false},"author":1,"featured_media":9940,"comment_status":"closed","ping_status":"closed","sticky":false,"template":"","format":"standard","meta":{"footnotes":""},"categories":[181],"tags":[],"class_list":["post-9939","post","type-post","status-publish","format-standard","has-post-thumbnail","hentry","category-noticias"],"views":55,"_links":{"self":[{"href":"https:\/\/www.amchambaq.com\/es_co\/wp-json\/wp\/v2\/posts\/9939","targetHints":{"allow":["GET"]}}],"collection":[{"href":"https:\/\/www.amchambaq.com\/es_co\/wp-json\/wp\/v2\/posts"}],"about":[{"href":"https:\/\/www.amchambaq.com\/es_co\/wp-json\/wp\/v2\/types\/post"}],"author":[{"embeddable":true,"href":"https:\/\/www.amchambaq.com\/es_co\/wp-json\/wp\/v2\/users\/1"}],"replies":[{"embeddable":true,"href":"https:\/\/www.amchambaq.com\/es_co\/wp-json\/wp\/v2\/comments?post=9939"}],"version-history":[{"count":1,"href":"https:\/\/www.amchambaq.com\/es_co\/wp-json\/wp\/v2\/posts\/9939\/revisions"}],"predecessor-version":[{"id":9941,"href":"https:\/\/www.amchambaq.com\/es_co\/wp-json\/wp\/v2\/posts\/9939\/revisions\/9941"}],"wp:featuredmedia":[{"embeddable":true,"href":"https:\/\/www.amchambaq.com\/es_co\/wp-json\/wp\/v2\/media\/9940"}],"wp:attachment":[{"href":"https:\/\/www.amchambaq.com\/es_co\/wp-json\/wp\/v2\/media?parent=9939"}],"wp:term":[{"taxonomy":"category","embeddable":true,"href":"https:\/\/www.amchambaq.com\/es_co\/wp-json\/wp\/v2\/categories?post=9939"},{"taxonomy":"post_tag","embeddable":true,"href":"https:\/\/www.amchambaq.com\/es_co\/wp-json\/wp\/v2\/tags?post=9939"}],"curies":[{"name":"wp","href":"https:\/\/api.w.org\/{rel}","templated":true}]}}