{"id":9873,"date":"2022-08-24T15:03:02","date_gmt":"2022-08-24T20:03:02","guid":{"rendered":"https:\/\/www.amchambaq.com\/?p=9873"},"modified":"2022-08-24T15:03:02","modified_gmt":"2022-08-24T20:03:02","slug":"aumentar-inversion-entre-las-conclusiones-de-reunion-de-sanchez-y-petro","status":"publish","type":"post","link":"https:\/\/www.amchambaq.com\/es_co\/aumentar-inversion-entre-las-conclusiones-de-reunion-de-sanchez-y-petro\/","title":{"rendered":"Aumentar inversi\u00f3n, entre las conclusiones de reuni\u00f3n de S\u00e1nchez y Petro"},"content":{"rendered":"<p>Estrechar a\u00fan m\u00e1s las relaciones comerciales y de inversi\u00f3n fue la conclusi\u00f3n de la reuni\u00f3n entre el presidente del Gobierno\u00a0<u>Espa\u00f1ol<\/u>, Pedro S\u00e1nchez y el presidente de Colombia, Gustavo Petro. Esta, se llev\u00f3 a cabo en la Casa de Nari\u00f1o sobre el medio d\u00eda del mi\u00e9rcoles.<\/p>\n<p>Fortalecer la relaci\u00f3n empresarial y avanzar juntas hacia un desarrollo econ\u00f3mico m\u00e1s justo y sostenible con el medio ambiente tambi\u00e9n fue uno de los temas a tratar por ambos mandatarios. \u201cSolo un crecimiento justo y sostenible, centrado en las necesidades de las personas y tambi\u00e9n del planeta, ser\u00e1 capaz de generar progreso y estabilidad pol\u00edtica y social de forma duradera\u201d, dijo S\u00e1nchez.<\/p>\n<p>Actualmente, la relaci\u00f3n empresarial binacional llega a cifras sobre los US$7.100 millones. Estas mostraron un aumento cuando se compara con el mismo rublo de 2017, cuando la inversi\u00f3n en el pa\u00eds era de solo US$4.800 millones.<\/p>\n<p>Para 2021, en un panorama pospandemia, Espa\u00f1a invirti\u00f3 m\u00e1s de US1.462 millones en el pa\u00eds. Esto les permiti\u00f3 consolidarse como el segundo mayor inversor extranjero en el pa\u00eds, solo por detr\u00e1s de Estados Unidos.<\/p>\n<p>\u201cEspa\u00f1a quiere reforzar a\u00fan m\u00e1s su presencia en esta nueva etapa que se abre en Colombia\u201d, afirm\u00f3 S\u00e1nchez en el encuentro empresarial Espa\u00f1a-Colombia. All\u00ed mismo, Bruce Mac Master, presidente de la Andi, sostuvo que los empresarios colombianos est\u00e1n dispuestos a trabajar mancomunadamente con sus pares ib\u00e9ricos. \u201cOjal\u00e1 nos podamos convertir en la puerta de Am\u00e9rica para las nuevas inversiones que se puedan realizar\u201d, expres\u00f3.<\/p>\n<p>Germ\u00e1n Uma\u00f1a, ministro de Comercio, Industria y Turismo, tambi\u00e9n afirm\u00f3 que desde la cartera se propone retomar el Tratado de Amistad y Cooperaci\u00f3n entre Colombia y Espa\u00f1a, para que su primera convocatoria se adelante en noviembre y que en ella haya una subcomisi\u00f3n de econom\u00eda y de comercio, turismo e industria en el que podamos discutir la posibilidad de que &#8220;esta agenda sea fruct\u00edfera en el mediano plazo y no sea simplemente una reuni\u00f3n de voluntades&#8221;, dijo.<\/p>\n<p>Tomado de: LA REP\u00daBLICA<\/p>\n","protected":false},"excerpt":{"rendered":"<p>Estrechar a\u00fan m\u00e1s las relaciones comerciales y de inversi\u00f3n fue la conclusi\u00f3n de la reuni\u00f3n entre el presidente del Gobierno\u00a0Espa\u00f1ol, Pedro S\u00e1nchez y el presidente de Colombia, Gustavo Petro. Esta, se llev\u00f3 a cabo en la Casa de Nari\u00f1o sobre el medio d\u00eda del mi\u00e9rcoles. Fortalecer la relaci\u00f3n empresarial y avanzar juntas hacia un desarrollo<\/p>\n","protected":false},"author":1,"featured_media":9874,"comment_status":"closed","ping_status":"closed","sticky":false,"template":"","format":"standard","meta":{"footnotes":""},"categories":[181],"tags":[],"class_list":["post-9873","post","type-post","status-publish","format-standard","has-post-thumbnail","hentry","category-noticias"],"views":65,"_links":{"self":[{"href":"https:\/\/www.amchambaq.com\/es_co\/wp-json\/wp\/v2\/posts\/9873","targetHints":{"allow":["GET"]}}],"collection":[{"href":"https:\/\/www.amchambaq.com\/es_co\/wp-json\/wp\/v2\/posts"}],"about":[{"href":"https:\/\/www.amchambaq.com\/es_co\/wp-json\/wp\/v2\/types\/post"}],"author":[{"embeddable":true,"href":"https:\/\/www.amchambaq.com\/es_co\/wp-json\/wp\/v2\/users\/1"}],"replies":[{"embeddable":true,"href":"https:\/\/www.amchambaq.com\/es_co\/wp-json\/wp\/v2\/comments?post=9873"}],"version-history":[{"count":1,"href":"https:\/\/www.amchambaq.com\/es_co\/wp-json\/wp\/v2\/posts\/9873\/revisions"}],"predecessor-version":[{"id":9875,"href":"https:\/\/www.amchambaq.com\/es_co\/wp-json\/wp\/v2\/posts\/9873\/revisions\/9875"}],"wp:featuredmedia":[{"embeddable":true,"href":"https:\/\/www.amchambaq.com\/es_co\/wp-json\/wp\/v2\/media\/9874"}],"wp:attachment":[{"href":"https:\/\/www.amchambaq.com\/es_co\/wp-json\/wp\/v2\/media?parent=9873"}],"wp:term":[{"taxonomy":"category","embeddable":true,"href":"https:\/\/www.amchambaq.com\/es_co\/wp-json\/wp\/v2\/categories?post=9873"},{"taxonomy":"post_tag","embeddable":true,"href":"https:\/\/www.amchambaq.com\/es_co\/wp-json\/wp\/v2\/tags?post=9873"}],"curies":[{"name":"wp","href":"https:\/\/api.w.org\/{rel}","templated":true}]}}