{"id":9859,"date":"2022-08-22T14:51:38","date_gmt":"2022-08-22T19:51:38","guid":{"rendered":"https:\/\/www.amchambaq.com\/?p=9859"},"modified":"2022-08-22T14:51:38","modified_gmt":"2022-08-22T19:51:38","slug":"reforma-desestimula-proyectos-de-inversion-extranjera-amcham","status":"publish","type":"post","link":"https:\/\/www.amchambaq.com\/es_co\/reforma-desestimula-proyectos-de-inversion-extranjera-amcham\/","title":{"rendered":"Reforma desestimula proyectos de inversi\u00f3n extranjera: AmCham"},"content":{"rendered":"<p>La reforma presentada contiene m\u00faltiples\u00a0<strong>propuestas\u00a0<\/strong>que generan incertidumbre y cambios en las reglas establecidas, que manda se\u00f1ales que obligan a los inversionistas, en el mejor de los casos, a ser prudentes, afirm\u00f3 Maria Claudia Lacouture, presidenta ejecutiva de AmCham Colombia, al se\u00f1alar que hay medidas que reducen la competitividad en momentos en los que los pa\u00edses buscan recursos para financiar su\u00a0<strong>desarrollo<\/strong>.<\/p>\n<p>Un an\u00e1lisis elaborado por la firma Posse Herrera Ru\u00edz para la\u00a0<strong>C\u00e1mara de Comercio Colombo Americana\u00a0<\/strong>(AmCham Colombia), indic\u00f3 que el proyecto de reforma tributaria que comenzar\u00e1 su tr\u00e1mite en el Congreso en los pr\u00f3ximos d\u00edas deber\u00e1 ser modificado en su tr\u00e1mite legislativo para que no ponga en riesgo la inversi\u00f3n extranjera en Colombia, fuente de recursos y empleos.<\/p>\n<p>\u201cEsto refleja un importante impacto en el ejercicio empresarial, desestimulando la llegada de nuevos capitales desde el exterior y cambiando las reglas para los inversionistas instalados en el pa\u00eds\u201d, dice el an\u00e1lisis.<\/p>\n<div class=\"field-item odd\">\n<div class=\"content-titulo\">\n<div class=\"titulo\"><strong>Doble tributaci\u00f3n en dividendos<\/strong><\/div>\n<\/div>\n<\/div>\n<div class=\"field-item even\">\n<div class=\"entity entity-paragraphs-item paragraphs-item-descripcion\">\n<div class=\"content\">\n<div class=\"field field-name-field-descripcion field-type-text-long field-label-hidden\">\n<div class=\"field-items\">\n<div class=\"field-item even\">\n<p>De acuerdo con el an\u00e1lisis, los cambios propuestos en materia de\u00a0<strong>impuestos a dividendos<\/strong>\u00a0obligan al pago de doble impuesto: la tarifa del 35 % a la renta empresarial y tributa los dividendos a los socios inversionistas.<\/p>\n<p>\u201cDependiendo de las tasas de tributaci\u00f3n individual, se observa que para muchos inversionistas la tributaci\u00f3n combinada efectiva en dividendos, despu\u00e9s de descontar la retenci\u00f3n en la fuente por dividendos estar\u00eda en rangos superiores al 50 %. Esta doble tributaci\u00f3n es altamente inconveniente para la competitividad tributaria de\u00a0<strong>Colombia<\/strong>\u201d, se\u00f1al\u00f3 el an\u00e1lisis.<\/p>\n<div class=\"field-item even\">\n<div class=\"content-titulo\">\n<div class=\"titulo\"><strong>Mayor asimetr\u00eda en impuestos para no residentes<\/strong><\/div>\n<\/div>\n<\/div>\n<div class=\"field-item odd\">\n<div class=\"entity entity-paragraphs-item paragraphs-item-descripcion\">\n<div class=\"content\">\n<div class=\"field field-name-field-descripcion field-type-text-long field-label-hidden\">\n<div class=\"field-items\">\n<div class=\"field-item even\">\n<p>En este caso, la propuesta de reforma tributaria dobla la tasa de impuesto al pasar de\u00a0<strong>10 % al 20 % en la tributaci\u00f3n de los dividendos\u00a0<\/strong>recibidos de sociedades colombianas.<\/p>\n<p>\u201cLa propuesta supone un mensaje desestimulante para la inversi\u00f3n extranjera, desde jurisdicciones sin convenio para el desmonte de la doble imposici\u00f3n, empezando por Estados Unidos, pues la tributaci\u00f3n combinada para estos inversionistas, entre el impuesto de renta de sociedades y el impuesto a los dividendos, pasa del 41,5 % al 48 %\u201d, resalt\u00f3 el documento.<\/p>\n<p>Por otro lado, advierte que estos impuestos adicionales a no residentes profundizan las asimetr\u00edas con los residentes en Colombia y los residentes en jurisdicci\u00f3n con o sin convenio de doble tributaci\u00f3n.<\/p>\n<p>\u201cPodr\u00eda ocurrir, por ejemplo, que una persona natural residente en Colombia tenga una tributaci\u00f3n combinada del orden del 55 %, mientras un inversionista\u00a0<strong>estadounidense\u00a0<\/strong>estar\u00eda en el 48 \u00a0y un inversionista espa\u00f1ol en el 35 %. Llegar a este nivel de asimetr\u00eda es absolutamente inconveniente desde el punto de vista de la pol\u00edtica p\u00fablica tributaria\u201d, expres\u00f3 el an\u00e1lisis.<\/p>\n<p><strong>Hace permanente el impuesto al patrimonio<\/strong><\/p>\n<div class=\"field-item even\">\n<div class=\"entity entity-paragraphs-item paragraphs-item-descripcion\">\n<div class=\"content\">\n<div class=\"field field-name-field-descripcion field-type-text-long field-label-hidden\">\n<div class=\"field-items\">\n<div class=\"field-item even\">\n<p>De acuerdo con el an\u00e1lisis elaborado para AmCham Colombia \u201cla tributaci\u00f3n de los\u00a0<strong>contribuyentes\u00a0<\/strong>personas naturales residentes, as\u00ed como la de no residentes para algunos casos especiales, se ver\u00e1 incrementada por el impuesto al patrimonio\u201d.<\/p>\n<p>\u201cSi se observa la tributaci\u00f3n global de personas naturales en el proyecto, tambi\u00e9n se encuentran tres instrumentos b\u00e1sicos encaminados a elevar la tributaci\u00f3n de las personas naturales: el primero es \u00a0elevar la tarifa efectiva de tributaci\u00f3n del impuesto de renta a trav\u00e9s de la limitaci\u00f3n de beneficios; segundo, aplicar la doble imposici\u00f3n parcial en materia de impuesto a los dividendos, y tercero, aplicar de manera permanente el impuesto al patrimonio\u201d, indic\u00f3.<\/p>\n<\/div>\n<\/div>\n<\/div>\n<\/div>\n<\/div>\n<\/div>\n<div class=\"field-item odd\">\n<div class=\"shares\"><strong>Fija impuesto a exportaciones desestimulando inversi\u00f3n<\/strong><\/div>\n<\/div>\n<div class=\"field-item even\">\n<div class=\"entity entity-paragraphs-item paragraphs-item-descripcion\">\n<div class=\"content\">\n<div class=\"field field-name-field-descripcion field-type-text-long field-label-hidden\">\n<div class=\"field-items\">\n<div class=\"field-item even\">\n<p>En la iniciativa radicada por el Ministerio de Hacienda se contempla gravar con una tasa del\u00a0<strong>10 %\u00a0<\/strong>sobre un precio est\u00e1ndar las exportaciones de petr\u00f3leo, oro o carb\u00f3n.<\/p>\n<p>\u201cEsta es una medida claramente\u00a0<strong>desestimulante\u00a0<\/strong>para las industrias extractivas que adem\u00e1s de la propuesta de no permitir la deducibilidad de regal\u00edas y ampliar el plazo de amortizaci\u00f3n de inversiones resulta claramente desestimulante para la inversi\u00f3n en estos tres sectores\u201d, se\u00f1ala el an\u00e1lisis.<\/p>\n<p>De acuerdo con informaci\u00f3n del Banco de la Rep\u00fablica, en 2021, la inversi\u00f3n extranjera directa en\u00a0<strong>Colombia\u00a0<\/strong>en el sector minero energ\u00e9tico ascendi\u00f3 a USD 1.815 millones siendo el 19 % del total de IED, recursos que podr\u00edan buscar otros mercados con tasas y condiciones m\u00e1s favorables.<\/p>\n<p>\u201cEs un hecho que a nivel internacional los mayores movimientos de inversi\u00f3n est\u00e1n relacionados con los sectores de petr\u00f3leo y miner\u00eda en los cuales Colombia tiene oportunidades para continuar atrayendo inversi\u00f3n que permita tener recursos para el desarrollo social de los colombianos, pero en donde la\u00a0<strong>reforma<\/strong>, claramente, tiene medidas que van a limitar el inter\u00e9s de los inversionistas\u201d, sostuvo la Presidenta Ejecutiva de AmCham Colombia.<\/p>\n<div class=\"field-item even\">\n<div class=\"content-titulo\">\n<div class=\"titulo\"><strong>Cambios en r\u00e9gimen de Zonas Francas<\/strong><\/div>\n<\/div>\n<\/div>\n<div class=\"field-item odd\">\n<div class=\"entity entity-paragraphs-item paragraphs-item-descripcion\">\n<div class=\"content\">\n<div class=\"field field-name-field-descripcion field-type-text-long field-label-hidden\">\n<div class=\"field-items\">\n<div class=\"field-item even\">\n<p>El an\u00e1lisis dice que la propuesta de eliminar el beneficio de renta para las\u00a0<strong>Zonas Francas\u00a0<\/strong>establecido en 20 % para que pasen a la tarifa general de 35 % en caso de que no cumplan con la cuota de exportaci\u00f3n que busca establecer el Gobierno representa un retroceso en materia de competitividad tributaria que hace atractivo al pa\u00eds para la inversi\u00f3n frente a otros mercados con disposiciones similares.<\/p>\n<p>\u201cEsto sin perjuicio del impacto que este cambio regulatorio pueda tener sobre inversiones actuales y sobre inversiones futuras en proyectos industriales y de servicios a trav\u00e9s de Zonas Francas en el pa\u00eds\u201d, advierte el documento.<\/p>\n<p>De acuerdo con informaci\u00f3n del Ministerio de Comercio, las Zonas Francas generan alrededor de 114.603 empleos directos e indirectos en los 22 departamentos en donde est\u00e1n establecidas.<\/p>\n<div class=\"field-item odd\">\n<div class=\"content-titulo\">\n<div class=\"titulo\"><strong>M\u00e1s impuestos a sociedades no residentes<\/strong><\/div>\n<\/div>\n<\/div>\n<div class=\"field-item even\">\n<div class=\"entity entity-paragraphs-item paragraphs-item-descripcion\">\n<div class=\"content\">\n<div class=\"field field-name-field-descripcion field-type-text-long field-label-hidden\">\n<div class=\"field-items\">\n<div class=\"field-item even\">\n<p>El nuevo criterio propuesto en la\u00a0<strong>reforma tributaria\u00a0<\/strong>para las sociedades extranjeras administradas en el d\u00eda a d\u00eda desde Colombia implicar\u00eda que a futuro muchas de estas\u00a0<strong>sociedades\u00a0<\/strong>deban considerarse como \u201cfiscalmente colombianas\u201d De esta manera, rentas que actualmente no eran objeto de impuesto comiencen a ser consideradas fuente nacional con el respectivo impacto en el impuesto de renta.<\/p>\n<p>\u201cEl proyecto, a trav\u00e9s de m\u00faltiples instrumentos tributarios combinados, afectar\u00eda de manera significativa la competitividad tributaria del pa\u00eds y tendr\u00eda una incidencia muy negativa en los indicadores de inversi\u00f3n futura\u201d, dijo el an\u00e1lisis de Posse Herrera Ru\u00edz.<\/p>\n<\/div>\n<\/div>\n<\/div>\n<\/div>\n<\/div>\n<\/div>\n<div class=\"field-item odd\">\n<div id=\"relacionado-body\">\n<div class=\"box-title\">\n<div class=\"field-item even\">\n<div class=\"entity entity-paragraphs-item paragraphs-item-descripcion\">\n<div class=\"content\">\n<div class=\"field field-name-field-descripcion field-type-text-long field-label-hidden\">\n<div class=\"field-items\">\n<div class=\"field-item even\">\n<p><strong>Lacouture\u00a0<\/strong>manifest\u00f3 que las decisiones de inversi\u00f3n extranjera requieren an\u00e1lisis detallados de mercado, de las oportunidades locales y de exportaci\u00f3n, legislaci\u00f3n y trayectoria del pa\u00eds.<\/p>\n<p>\u201cEstamos en un contexto donde los inversionistas buscan seguridad m\u00e1s que flexibilidad y esa seguridad pasa por estabilidad, reducci\u00f3n del riesgo pa\u00eds y de proveedur\u00eda\u201d, dijo Lacouture.<\/p>\n<p>Agreg\u00f3 que es importante que estos elementos puedan ser discutidos dentro del tr\u00e1mite en el Congreso de la Rep\u00fablica y dentro del esp\u00edritu de di\u00e1logo que anunci\u00f3 el Gobierno Nacional.<\/p>\n<p>\u201cSi bien hay necesidad de contar con recursos para cubrir las necesidades fiscales, hay que ser cuidadosos en el estudio de la iniciativa para evitar que la reforma tenga un prop\u00f3sito contrario y termine impactando el desarrollo social y el empleo que es la mejor herramienta para superar la pobreza\u201d, puntualiz\u00f3.<\/p>\n<\/div>\n<\/div>\n<\/div>\n<\/div>\n<\/div>\n<\/div>\n<div class=\"field-item odd\">\n<div id=\"relacionado-body\">\n<div class=\"box-title\">Tomado de: EL HERALDO<\/div>\n<\/div>\n<\/div>\n<\/div>\n<\/div>\n<\/div>\n<\/div>\n<\/div>\n<\/div>\n<\/div>\n<\/div>\n<\/div>\n<\/div>\n<\/div>\n<\/div>\n<\/div>\n<\/div>\n<\/div>\n<\/div>\n<\/div>\n<\/div>\n<\/div>\n<\/div>\n<\/div>\n<div class=\"field-item even\">\n<div id=\"relacionado-body\">\n<div class=\"box-title\"><\/div>\n<\/div>\n<\/div>\n<\/div>\n<\/div>\n<\/div>\n<\/div>\n<\/div>\n<\/div>\n<div class=\"field-item odd\">\n<div id=\"relacionado-body\">\n<div class=\"box-title\"><\/div>\n<\/div>\n<\/div>\n","protected":false},"excerpt":{"rendered":"<p>La reforma presentada contiene m\u00faltiples\u00a0propuestas\u00a0que generan incertidumbre y cambios en las reglas establecidas, que manda se\u00f1ales que obligan a los inversionistas, en el mejor de los casos, a ser prudentes, afirm\u00f3 Maria Claudia Lacouture, presidenta ejecutiva de AmCham Colombia, al se\u00f1alar que hay medidas que reducen la competitividad en momentos en los que los pa\u00edses<\/p>\n","protected":false},"author":1,"featured_media":9860,"comment_status":"closed","ping_status":"closed","sticky":false,"template":"","format":"standard","meta":{"footnotes":""},"categories":[181],"tags":[],"class_list":["post-9859","post","type-post","status-publish","format-standard","has-post-thumbnail","hentry","category-noticias"],"views":67,"_links":{"self":[{"href":"https:\/\/www.amchambaq.com\/es_co\/wp-json\/wp\/v2\/posts\/9859","targetHints":{"allow":["GET"]}}],"collection":[{"href":"https:\/\/www.amchambaq.com\/es_co\/wp-json\/wp\/v2\/posts"}],"about":[{"href":"https:\/\/www.amchambaq.com\/es_co\/wp-json\/wp\/v2\/types\/post"}],"author":[{"embeddable":true,"href":"https:\/\/www.amchambaq.com\/es_co\/wp-json\/wp\/v2\/users\/1"}],"replies":[{"embeddable":true,"href":"https:\/\/www.amchambaq.com\/es_co\/wp-json\/wp\/v2\/comments?post=9859"}],"version-history":[{"count":1,"href":"https:\/\/www.amchambaq.com\/es_co\/wp-json\/wp\/v2\/posts\/9859\/revisions"}],"predecessor-version":[{"id":9861,"href":"https:\/\/www.amchambaq.com\/es_co\/wp-json\/wp\/v2\/posts\/9859\/revisions\/9861"}],"wp:featuredmedia":[{"embeddable":true,"href":"https:\/\/www.amchambaq.com\/es_co\/wp-json\/wp\/v2\/media\/9860"}],"wp:attachment":[{"href":"https:\/\/www.amchambaq.com\/es_co\/wp-json\/wp\/v2\/media?parent=9859"}],"wp:term":[{"taxonomy":"category","embeddable":true,"href":"https:\/\/www.amchambaq.com\/es_co\/wp-json\/wp\/v2\/categories?post=9859"},{"taxonomy":"post_tag","embeddable":true,"href":"https:\/\/www.amchambaq.com\/es_co\/wp-json\/wp\/v2\/tags?post=9859"}],"curies":[{"name":"wp","href":"https:\/\/api.w.org\/{rel}","templated":true}]}}