{"id":9801,"date":"2022-08-04T15:35:22","date_gmt":"2022-08-04T20:35:22","guid":{"rendered":"https:\/\/www.amchambaq.com\/?p=9801"},"modified":"2022-08-04T15:35:22","modified_gmt":"2022-08-04T20:35:22","slug":"costa-caribe-los-cinco-ejes-para-paliar-la-crisis-electrica","status":"publish","type":"post","link":"https:\/\/www.amchambaq.com\/es_co\/costa-caribe-los-cinco-ejes-para-paliar-la-crisis-electrica\/","title":{"rendered":"Costa Caribe: los cinco ejes para paliar la crisis el\u00e9ctrica"},"content":{"rendered":"<p><b>Uno de los viacrusis que la poblaci\u00f3n de la costa Caribe ha experimentado con mayor frecuencia en los \u00faltimos a\u00f1os es el tema el\u00e9ctrico.<\/b>\u00a0Cuando se logr\u00f3 la promesa gubernamental del cambio de operador regional (Electricaribe) por dos nuevos actores (Air-e y Afinia), las esperanzas sobre un cambio en la calidad del servicio volvieron a florecer, sin embargo, aunque se han producido mejoras, a\u00fan hay un largo camino por recorrer.<\/p>\n<p>Los ciudadanos de la regi\u00f3n Caribe han experimentado un incremento del 73,7% en su facturaci\u00f3n desde junio del a\u00f1o pasado a la fecha, de acuerdo con la Alcald\u00eda de Barranquilla; y la raz\u00f3n se explica fundamentalmente en que\u00a0<b>la antigua Electricaribe no ejecut\u00f3 el plan de inversiones estipulado\u00a0<\/b>para garantizar el mantenimiento y la confiabilidad de los equipos t\u00e9cnicos.<\/p>\n<p>Como consecuencia, las nuevas empresas se encontraron con un panorama de un avanzado deterioro de las redes que generaban los constantes apagones.<\/p>\n<p>Vale la oportunidad recordar que el unitario mercado del Caribe colombiano qued\u00f3 fragmentado en dos: Air-e atiende a 1,2 millones de clientes en Atl\u00e1ntico, La Guajira y Magdalena; mientras que Afinia es responsable por 1,5 millones de usuarios en los departamentos de Bol\u00edvar Cesar, C\u00f3rdoba y Sucre.<\/p>\n<p>Esta brecha fue compensada por la Comisi\u00f3n de Regulaci\u00f3n de Energ\u00eda y Gas (Creg) permiti\u00e9ndole a las compa\u00f1\u00edas un aumento v\u00eda tarifas por medio de las resoluciones 010 del 30 de enero de 2020 y 078 del 24 de junio de 2021.<br \/>\n<a href=\"https:\/\/www.portafolio.co\/economia\/finanzas\/servicios-publicos-impactaron-el-ipc-por-indexacion-en-tarifas-567873\" target=\"_blank\" rel=\"noopener\"><br \/>\n(Servicios p\u00fablicos impactaron el IPC por indexaci\u00f3n en tarifas).<\/a><\/p>\n<p>Como consecuencia, l<b>os residentes de los m\u00e1s bajos estratos en Barranquilla, por ejemplo, est\u00e1n pagando hasta 2,5 veces m\u00e1s de lo que lo puede hacer su similar en Bogot\u00e1.<\/b><\/p>\n<p>\u201cEl alza en las tarifas de energ\u00eda se ha vuelto insostenible por su alto impacto en la econom\u00eda de los hogares y en los costos de producci\u00f3n de las empresas. Esa situaci\u00f3n puede llevar a un grave deterioro del mercado porque afecta seriamente la capacidad de pago de los usuarios, lo que a su vez podr\u00eda derivar en un deterioro de la cartera de Air-e y Afinia, incentivar el fraude y el robo de energ\u00eda\u201d, dijo a Portafolio, Manuel Fern\u00e1ndez Ariza, presidente ejecutivo de la C\u00e1mara de Comercio de Barranquilla.<\/p>\n<p>En la capital del Atl\u00e1ntico, seg\u00fan c\u00e1lculos de la Alcald\u00eda, un hogar estrato 1 puede estar cancelando un recibo mensual por $150.000, mientras que un recibo en el estrato 4 ronda los US$500.000.<\/p>\n<p>Por otro lado, durante los primeros meses del 2022, las empresas de la zona oriental del Atl\u00e1ntico (Soledad, Sabanagrande, Malambo y Galapa), han pagado un 50,2% m\u00e1s, en promedio, que en el mismo per\u00edodo del 2021.<\/p>\n<p>\u201c<i>Estos incrementos en el cobro de la factura de energ\u00eda, a su vez, incrementan los costos asociados a la producci\u00f3n para las empresas, afect\u00e1ndolos en este proceso de reactivaci\u00f3n econ\u00f3mica y disminuyendo su competitividad frente a competidores. La energ\u00eda el\u00e9ctrica representa entre un 7 % y un 15 % en la estructura de costos de algunas de las empresas miembro de la CEO del Atl\u00e1ntico<\/i>\u201d, advirti\u00f3 Diana Cantillo, directora ejecutiva del CEO del Atl\u00e1ntico.<\/p>\n<p>Entre el per\u00edodo enero y julio del 2022, de acuerdo con El Universal de Cartagena, que cita fuentes oficiales, el costo del kilovatio por hora en Bol\u00edvar se ha incrementado en $111,29 desde los $813,70 en enero a $924,99 en julio.<\/p>\n<p>\u201c<i>El efecto es may\u00fasculo, el pago de los servicios p\u00fablicos y alojamiento para los hogares en Monter\u00eda compromete el 35,2% del total de los gastos del hogar. El encarecimiento de la energ\u00eda en el departamento limita el poder adquisitivo de los hogares y los restringe en el pago de otros servicios o adquisici\u00f3n de bienes<\/i>\u201d, dijo por su parte Kelina Puche, integrante del consejo directivo del centro de pensamiento Atarraya.<\/p>\n<p>\u201c<i>La estructura de costos de una empresa tambi\u00e9n va a verse limitada, altos costos del servicio energ\u00e9tico, en regiones donde no se puede trabajar sin aire acondicionado limita la competitividad de las empresas, las cuales podr\u00edan verse advocadas a trabajar para cumplir con sus obligaciones en la materia o en su defecto transferir este aumento de sus costos de operaci\u00f3n, a los servicios o productos que ofrece, lo que al final conduce a una estructura en espiral que complejiza la situaci\u00f3n inflacionaria<\/i>\u201d, agreg\u00f3 Puche.<\/p>\n<p><b>\u00c1lvaro Romero Guerrero, presidente de la C\u00e1mara de Comercio de La Guajira,\u00a0<\/b>calific\u00f3 de \u201crechazo total\u201d este incremento de la energ\u00eda el\u00e9ctrica en el departamento, ya que frena la competitividad de los empresarios de la regi\u00f3n. \u201c<i>No es justo que los habitantes tengamos que asumir las p\u00e9rdida de las empresas (&#8230;) Eso debe revisarse (&#8230;) Tambi\u00e9n hay que revisar la baja cobertura en la regi\u00f3n<\/i>\u201d, dijo Romero a Portafolio.<\/p>\n<div id=\"p569104-m331-4-332\" class=\"highlighted\">\n<div id=\"m336-335-337\" class=\"tiemposBold3\"><strong>Las propuestas<\/strong><\/div>\n<\/div>\n<p id=\"p569104-m319-4-320\" class=\"parrafo\">Los alcaldes de las ciudades capitales del Caribe colombiano le presentaron al gobierno entrante de Gustavo Petro una hoja de ruta con seis ejes para resolver la problem\u00e1tica el\u00e9ctrica.<\/p>\n<p>\u201cSi bien la regi\u00f3n ha alcanzado importantes niveles de desarrollo y progreso, no podemos permitir que estos avances contin\u00faen a expensas de la prestaci\u00f3n del servicio de energ\u00eda y sus incrementos tarifarios (&#8230;) Vamos a terminar afectando el cierre de la brecha social, econ\u00f3mica y de competitividad\u201d, se\u00f1al\u00f3 el alcalde de Barranquilla, vocero de la iniciativa.<\/p>\n<p>As\u00ed, entre las iniciativas administrativas est\u00e1n\u00a0<b>realizar las inversiones p\u00fablicas necesarias de manera directa; crear un fondo de estabilizaci\u00f3n de los precios a comercios y hogares<\/b>\u00a0por encima del promedio nacional; eliminar del componente de generaci\u00f3n el \u00cdndice de Precio al Productor e incorporar a los generadores y transmisores en el esquema de opci\u00f3n tarifaria.<\/p>\n<p>Asimismo, otras dos iniciativas completan el portafolio de propuestas: el fortalecimiento de los proyectos de normalizaci\u00f3n el\u00e9ctrica y redes internas de usuarios, as\u00ed como apoyar la autogeneraci\u00f3n de energ\u00eda con robustecer la ley de transici\u00f3n energ\u00e9tica en la regi\u00f3n.<\/p>\n<p>\u201cLa soluci\u00f3n de fondo es un acuerdo que genere equidad con el Caribe, ojal\u00e1 con indicadores que reflejen apropiadamente los costos del sector y eviten disparidades regionales y sobresaltos en las tarifas como las que hoy lamentamos\u201d, agreg\u00f3 Pumarejo.<\/p>\n<div id=\"p569104-m367-6-368\" class=\"highlighted\">\n<div id=\"m372-371-373\" class=\"tiemposBold3\"><strong>El apoyo empresarial<\/strong><\/div>\n<\/div>\n<p id=\"p569104-m357-6-358\" class=\"parrafo\">El sector privado del Atl\u00e1ntico respalda las\u00a0<b>iniciativas lanzadas por el alcalde de Barranquilla<\/b>\u00a0y tambi\u00e9n busca aportar una cuota para la soluci\u00f3n de esta crisis el\u00e9ctrica.<\/p>\n<p>Efra\u00edn Cepeda Tarud, presidente ejecutivo del Comit\u00e9 Intergremial del Atl\u00e1ntico, se\u00f1al\u00f3 que este gremio central busca proponer una \u201c<i>flexibilizaci\u00f3n de los tiempos para que los operadores cumplan con los compromisos fijados con la Creg<\/i>\u201d.<\/p>\n<p id=\"p569104-m387-8-388\" class=\"parrafo\">\u201c<i>Ah\u00ed se hace referencia al tema de las inversiones, por lo menos en el caso de Air-e se pact\u00f3 $2,6 billones en los primeros cinco a\u00f1os. Y lo otro es el compromiso de reducci\u00f3n de las p\u00e9rdidas por parte de la Creg<\/i>\u201d, precis\u00f3 Cepeda Tarud.<\/p>\n<p>Tomado de: PORTAFOLIO<\/p>\n","protected":false},"excerpt":{"rendered":"<p>Uno de los viacrusis que la poblaci\u00f3n de la costa Caribe ha experimentado con mayor frecuencia en los \u00faltimos a\u00f1os es el tema el\u00e9ctrico.\u00a0Cuando se logr\u00f3 la promesa gubernamental del cambio de operador regional (Electricaribe) por dos nuevos actores (Air-e y Afinia), las esperanzas sobre un cambio en la calidad del servicio volvieron a florecer,<\/p>\n","protected":false},"author":1,"featured_media":9802,"comment_status":"closed","ping_status":"closed","sticky":false,"template":"","format":"standard","meta":{"footnotes":""},"categories":[181],"tags":[],"class_list":["post-9801","post","type-post","status-publish","format-standard","has-post-thumbnail","hentry","category-noticias"],"views":68,"_links":{"self":[{"href":"https:\/\/www.amchambaq.com\/es_co\/wp-json\/wp\/v2\/posts\/9801","targetHints":{"allow":["GET"]}}],"collection":[{"href":"https:\/\/www.amchambaq.com\/es_co\/wp-json\/wp\/v2\/posts"}],"about":[{"href":"https:\/\/www.amchambaq.com\/es_co\/wp-json\/wp\/v2\/types\/post"}],"author":[{"embeddable":true,"href":"https:\/\/www.amchambaq.com\/es_co\/wp-json\/wp\/v2\/users\/1"}],"replies":[{"embeddable":true,"href":"https:\/\/www.amchambaq.com\/es_co\/wp-json\/wp\/v2\/comments?post=9801"}],"version-history":[{"count":1,"href":"https:\/\/www.amchambaq.com\/es_co\/wp-json\/wp\/v2\/posts\/9801\/revisions"}],"predecessor-version":[{"id":9803,"href":"https:\/\/www.amchambaq.com\/es_co\/wp-json\/wp\/v2\/posts\/9801\/revisions\/9803"}],"wp:featuredmedia":[{"embeddable":true,"href":"https:\/\/www.amchambaq.com\/es_co\/wp-json\/wp\/v2\/media\/9802"}],"wp:attachment":[{"href":"https:\/\/www.amchambaq.com\/es_co\/wp-json\/wp\/v2\/media?parent=9801"}],"wp:term":[{"taxonomy":"category","embeddable":true,"href":"https:\/\/www.amchambaq.com\/es_co\/wp-json\/wp\/v2\/categories?post=9801"},{"taxonomy":"post_tag","embeddable":true,"href":"https:\/\/www.amchambaq.com\/es_co\/wp-json\/wp\/v2\/tags?post=9801"}],"curies":[{"name":"wp","href":"https:\/\/api.w.org\/{rel}","templated":true}]}}