{"id":9779,"date":"2022-07-27T10:49:49","date_gmt":"2022-07-27T15:49:49","guid":{"rendered":"https:\/\/www.amchambaq.com\/?p=9779"},"modified":"2022-07-27T10:49:49","modified_gmt":"2022-07-27T15:49:49","slug":"crecimiento-de-la-costa-caribe-seria-del-55-en-2022","status":"publish","type":"post","link":"https:\/\/www.amchambaq.com\/es_co\/crecimiento-de-la-costa-caribe-seria-del-55-en-2022\/","title":{"rendered":"Crecimiento de la Costa Caribe ser\u00eda del 5,5 % en 2022"},"content":{"rendered":"<p>La Costa Caribe ser\u00eda una de las regiones con mayor crecimiento en el pa\u00eds en este a\u00f1o seg\u00fan Fedesarrollo, ya que prev\u00e9 un aumento del PIB de esta regi\u00f3n del 5,5 %.<\/p>\n<p>El crecimiento de la Costa ser\u00eda similar al de la regi\u00f3n central y un poco menor al de Bogot\u00e1 que llegar\u00eda a 5,9 %.<\/p>\n<p>El informe de Prospectiva Econ\u00f3mica de Fedesarrollo indica que el Pac\u00edfico crecer\u00eda este a\u00f1o en 5,4 %; la regi\u00f3n Oriental en 5,2 % y Amazon\u00eda y Orinoqu\u00eda en 4,7 %.<\/p>\n<p>Detalla adem\u00e1s, que durante el trimestre m\u00f3vil comprendido entre febrero y abril de este a\u00f1o, la tasa de desempleo disminuy\u00f3 en todas las regiones, excepto en el Pac\u00edfico.<\/p>\n<p>La regi\u00f3n Oriental es la que registra menor nivel de desempleo (11,3 %), mientras que el Pac\u00edfico presenta la tasa m\u00e1s alta(13,5 %). En la Costa Caribe fue de 12,7 %.<\/p>\n<p>Tomado de: EL HERALDO<\/p>\n","protected":false},"excerpt":{"rendered":"<p>La Costa Caribe ser\u00eda una de las regiones con mayor crecimiento en el pa\u00eds en este a\u00f1o seg\u00fan Fedesarrollo, ya que prev\u00e9 un aumento del PIB de esta regi\u00f3n del 5,5 %. El crecimiento de la Costa ser\u00eda similar al de la regi\u00f3n central y un poco menor al de Bogot\u00e1 que llegar\u00eda a 5,9<\/p>\n","protected":false},"author":1,"featured_media":9780,"comment_status":"closed","ping_status":"closed","sticky":false,"template":"","format":"standard","meta":{"footnotes":""},"categories":[181],"tags":[],"class_list":["post-9779","post","type-post","status-publish","format-standard","has-post-thumbnail","hentry","category-noticias"],"views":140,"_links":{"self":[{"href":"https:\/\/www.amchambaq.com\/es_co\/wp-json\/wp\/v2\/posts\/9779","targetHints":{"allow":["GET"]}}],"collection":[{"href":"https:\/\/www.amchambaq.com\/es_co\/wp-json\/wp\/v2\/posts"}],"about":[{"href":"https:\/\/www.amchambaq.com\/es_co\/wp-json\/wp\/v2\/types\/post"}],"author":[{"embeddable":true,"href":"https:\/\/www.amchambaq.com\/es_co\/wp-json\/wp\/v2\/users\/1"}],"replies":[{"embeddable":true,"href":"https:\/\/www.amchambaq.com\/es_co\/wp-json\/wp\/v2\/comments?post=9779"}],"version-history":[{"count":1,"href":"https:\/\/www.amchambaq.com\/es_co\/wp-json\/wp\/v2\/posts\/9779\/revisions"}],"predecessor-version":[{"id":9781,"href":"https:\/\/www.amchambaq.com\/es_co\/wp-json\/wp\/v2\/posts\/9779\/revisions\/9781"}],"wp:featuredmedia":[{"embeddable":true,"href":"https:\/\/www.amchambaq.com\/es_co\/wp-json\/wp\/v2\/media\/9780"}],"wp:attachment":[{"href":"https:\/\/www.amchambaq.com\/es_co\/wp-json\/wp\/v2\/media?parent=9779"}],"wp:term":[{"taxonomy":"category","embeddable":true,"href":"https:\/\/www.amchambaq.com\/es_co\/wp-json\/wp\/v2\/categories?post=9779"},{"taxonomy":"post_tag","embeddable":true,"href":"https:\/\/www.amchambaq.com\/es_co\/wp-json\/wp\/v2\/tags?post=9779"}],"curies":[{"name":"wp","href":"https:\/\/api.w.org\/{rel}","templated":true}]}}