{"id":9753,"date":"2022-07-21T11:00:17","date_gmt":"2022-07-21T16:00:17","guid":{"rendered":"https:\/\/www.amchambaq.com\/?p=9753"},"modified":"2022-07-21T11:00:17","modified_gmt":"2022-07-21T16:00:17","slug":"cuatro-delegados-de-joe-biden-hablaran-de-paz-y-otros-temas-con-gustavo-petro","status":"publish","type":"post","link":"https:\/\/www.amchambaq.com\/es_co\/cuatro-delegados-de-joe-biden-hablaran-de-paz-y-otros-temas-con-gustavo-petro\/","title":{"rendered":"Cuatro delegados de Joe Biden hablar\u00e1n de paz y otros temas con Gustavo Petro"},"content":{"rendered":"<p>La oficina de prensa del presidente electo\u00a0<strong>Gustavo Petro\u00a0<\/strong>inform\u00f3 este jueves que la reuni\u00f3n entre el l\u00edder del Pacto Hist\u00f3rico y la delegaci\u00f3n del presidente de los Estados Unidos,\u00a0<strong>Joe Biden<\/strong>, anunciada en d\u00edas previos, est\u00e1 prevista para este viernes.<\/p>\n<p>Del lado del gobierno electo en\u00a0<strong>Colombia<\/strong>, acompa\u00f1an la reuni\u00f3n el canciller delegado, \u00c1lvaro Leyva, y el embajador en Washington delegado, Luis Gilberto Murillo.<\/p>\n<p>La\u00a0<strong>Casa\u00a0Blanca<\/strong>, por su parte, emiti\u00f3 un comunicado este jueves en que informa que la delegaci\u00f3n norteamericana est\u00e1 encabezada por Jonathan Finer, asesor adjunto de Seguridad Nacional de Biden; Philip Gordon, asesor de Seguridad Nacional de la vicepresidenta Kamala Harris; Brian Nichols, subsecretario de Estado para Asuntos del Hemisferio Occidental en el Departamento de Estado y Juan Gonz\u00e1lez, director para el Hemisferio Occidental en el Consejo de Seguridad Nacional.<\/p>\n<p>&#8220;La delegaci\u00f3n participar\u00e1 en discusiones sobre una variedad de temas que incluyen la lucha contra el cambio clim\u00e1tico, el apoyo a la implementaci\u00f3n de la\u00a0<strong>paz\u00a0<\/strong>y el\u00a0<strong>desarrollo\u00a0rural<\/strong>, el trabajo conjunto para reducir la violencia\u00a0<strong>y combatir los grupos criminales<\/strong>, promover el crecimiento econ\u00f3mico equitativo y sostenible tanto para nuestros pa\u00edses como para otros pa\u00edses regionales y globales&#8221;, se lee en el documento.<\/p>\n<p>Tomado de: EL HERALDO<\/p>\n","protected":false},"excerpt":{"rendered":"<p>La oficina de prensa del presidente electo\u00a0Gustavo Petro\u00a0inform\u00f3 este jueves que la reuni\u00f3n entre el l\u00edder del Pacto Hist\u00f3rico y la delegaci\u00f3n del presidente de los Estados Unidos,\u00a0Joe Biden, anunciada en d\u00edas previos, est\u00e1 prevista para este viernes. Del lado del gobierno electo en\u00a0Colombia, acompa\u00f1an la reuni\u00f3n el canciller delegado, \u00c1lvaro Leyva, y el embajador<\/p>\n","protected":false},"author":1,"featured_media":9754,"comment_status":"closed","ping_status":"closed","sticky":false,"template":"","format":"standard","meta":{"footnotes":""},"categories":[181],"tags":[],"class_list":["post-9753","post","type-post","status-publish","format-standard","has-post-thumbnail","hentry","category-noticias"],"views":61,"_links":{"self":[{"href":"https:\/\/www.amchambaq.com\/es_co\/wp-json\/wp\/v2\/posts\/9753","targetHints":{"allow":["GET"]}}],"collection":[{"href":"https:\/\/www.amchambaq.com\/es_co\/wp-json\/wp\/v2\/posts"}],"about":[{"href":"https:\/\/www.amchambaq.com\/es_co\/wp-json\/wp\/v2\/types\/post"}],"author":[{"embeddable":true,"href":"https:\/\/www.amchambaq.com\/es_co\/wp-json\/wp\/v2\/users\/1"}],"replies":[{"embeddable":true,"href":"https:\/\/www.amchambaq.com\/es_co\/wp-json\/wp\/v2\/comments?post=9753"}],"version-history":[{"count":1,"href":"https:\/\/www.amchambaq.com\/es_co\/wp-json\/wp\/v2\/posts\/9753\/revisions"}],"predecessor-version":[{"id":9755,"href":"https:\/\/www.amchambaq.com\/es_co\/wp-json\/wp\/v2\/posts\/9753\/revisions\/9755"}],"wp:featuredmedia":[{"embeddable":true,"href":"https:\/\/www.amchambaq.com\/es_co\/wp-json\/wp\/v2\/media\/9754"}],"wp:attachment":[{"href":"https:\/\/www.amchambaq.com\/es_co\/wp-json\/wp\/v2\/media?parent=9753"}],"wp:term":[{"taxonomy":"category","embeddable":true,"href":"https:\/\/www.amchambaq.com\/es_co\/wp-json\/wp\/v2\/categories?post=9753"},{"taxonomy":"post_tag","embeddable":true,"href":"https:\/\/www.amchambaq.com\/es_co\/wp-json\/wp\/v2\/tags?post=9753"}],"curies":[{"name":"wp","href":"https:\/\/api.w.org\/{rel}","templated":true}]}}