{"id":9739,"date":"2022-07-19T08:41:55","date_gmt":"2022-07-19T13:41:55","guid":{"rendered":"https:\/\/www.amchambaq.com\/?p=9739"},"modified":"2022-07-19T08:41:55","modified_gmt":"2022-07-19T13:41:55","slug":"gustavo-petro-se-reunio-con-embajador-de-ee-uu-en-colombia","status":"publish","type":"post","link":"https:\/\/www.amchambaq.com\/es_co\/gustavo-petro-se-reunio-con-embajador-de-ee-uu-en-colombia\/","title":{"rendered":"Gustavo Petro se reuni\u00f3 con embajador de EE. UU. en Colombia"},"content":{"rendered":"<p>El embajador encargado de\u00a0<strong>Estados Unidos en Colombia<\/strong>, Francisco Palmieri, se reuni\u00f3 este lunes con el presidente electo, Gustavo Petro, con quien habl\u00f3 sobre el trabajo que har\u00e1n ambos pa\u00edses para lograr los &#8220;objetivos compartidos&#8221;.<\/p>\n<p>&#8220;Gracias presidente electo @petrogustavo por una productiva reuni\u00f3n. Esperamos trabajar de cerca con el\u00a0<strong>nuevo Gobierno<\/strong>\u00a0en nuestros objetivos compartidos para seguir estrechando los lazos que unen a nuestras naciones y su gente&#8221;, dijo Palmieri en un mensaje publicado en la cuenta de Twitter de la embajada.<\/p>\n<p>La entrevista entre Petro y Palmieri se dio luego de que la semana pasada representantes del mandatario electo solicitaran en una reuni\u00f3n con funcionarios de la embajada de\u00a0<strong>Estados Unidos<\/strong>\u00a0que se renegocie el Tratado de Libre Comercio (TLC) firmado hace diez a\u00f1os por los dos pa\u00edses.<\/p>\n<p>&#8220;Solicit\u00e9 al Gobierno americano renegociar el\u00a0<strong>TLC<\/strong>, ya que sectores como confecciones y agricultores, entre otros, no se han visto beneficiados; por ello urge renegociarlo&#8221;, escribi\u00f3 en su cuenta de Twitter el senador liberal Luis Fernando Velasco, representante de Petro en esa reuni\u00f3n de transici\u00f3n en la que tambi\u00e9n se trat\u00f3 la agenda de paz.<\/p>\n<p>El mandatario electo asumir\u00e1 el pr\u00f3ximo 7 de agosto en sustituci\u00f3n del\u00a0<strong>Iv\u00e1n Duque.\u00a0<\/strong><\/p>\n<p>Tomado de: EL HERALDO<\/p>\n","protected":false},"excerpt":{"rendered":"<p>El embajador encargado de\u00a0Estados Unidos en Colombia, Francisco Palmieri, se reuni\u00f3 este lunes con el presidente electo, Gustavo Petro, con quien habl\u00f3 sobre el trabajo que har\u00e1n ambos pa\u00edses para lograr los &#8220;objetivos compartidos&#8221;. &#8220;Gracias presidente electo @petrogustavo por una productiva reuni\u00f3n. Esperamos trabajar de cerca con el\u00a0nuevo Gobierno\u00a0en nuestros objetivos compartidos para seguir estrechando<\/p>\n","protected":false},"author":1,"featured_media":9740,"comment_status":"closed","ping_status":"closed","sticky":false,"template":"","format":"standard","meta":{"footnotes":""},"categories":[181],"tags":[],"class_list":["post-9739","post","type-post","status-publish","format-standard","has-post-thumbnail","hentry","category-noticias"],"views":45,"_links":{"self":[{"href":"https:\/\/www.amchambaq.com\/es_co\/wp-json\/wp\/v2\/posts\/9739","targetHints":{"allow":["GET"]}}],"collection":[{"href":"https:\/\/www.amchambaq.com\/es_co\/wp-json\/wp\/v2\/posts"}],"about":[{"href":"https:\/\/www.amchambaq.com\/es_co\/wp-json\/wp\/v2\/types\/post"}],"author":[{"embeddable":true,"href":"https:\/\/www.amchambaq.com\/es_co\/wp-json\/wp\/v2\/users\/1"}],"replies":[{"embeddable":true,"href":"https:\/\/www.amchambaq.com\/es_co\/wp-json\/wp\/v2\/comments?post=9739"}],"version-history":[{"count":1,"href":"https:\/\/www.amchambaq.com\/es_co\/wp-json\/wp\/v2\/posts\/9739\/revisions"}],"predecessor-version":[{"id":9741,"href":"https:\/\/www.amchambaq.com\/es_co\/wp-json\/wp\/v2\/posts\/9739\/revisions\/9741"}],"wp:featuredmedia":[{"embeddable":true,"href":"https:\/\/www.amchambaq.com\/es_co\/wp-json\/wp\/v2\/media\/9740"}],"wp:attachment":[{"href":"https:\/\/www.amchambaq.com\/es_co\/wp-json\/wp\/v2\/media?parent=9739"}],"wp:term":[{"taxonomy":"category","embeddable":true,"href":"https:\/\/www.amchambaq.com\/es_co\/wp-json\/wp\/v2\/categories?post=9739"},{"taxonomy":"post_tag","embeddable":true,"href":"https:\/\/www.amchambaq.com\/es_co\/wp-json\/wp\/v2\/tags?post=9739"}],"curies":[{"name":"wp","href":"https:\/\/api.w.org\/{rel}","templated":true}]}}