{"id":9730,"date":"2022-07-14T14:28:40","date_gmt":"2022-07-14T19:28:40","guid":{"rendered":"https:\/\/www.amchambaq.com\/?p=9730"},"modified":"2022-07-14T14:28:40","modified_gmt":"2022-07-14T19:28:40","slug":"en-una-semana-sera-el-encuentro-entre-gustavo-petro-y-los-representantes-de-joe-biden","status":"publish","type":"post","link":"https:\/\/www.amchambaq.com\/es_co\/en-una-semana-sera-el-encuentro-entre-gustavo-petro-y-los-representantes-de-joe-biden\/","title":{"rendered":"En una semana ser\u00e1 el encuentro entre Gustavo Petro y los representantes de Joe Biden"},"content":{"rendered":"<p class=\"paragraph\">Desde el gobierno de los<b>\u00a0Estados Unidos<\/b>\u00a0y el equipo del\u00a0<b>presidente electo de Colombia, Gustavo Petro,<\/b>\u00a0ya han tenido varios acercamientos desde el triunfo del mandatario nacional, el pasado 19 de julio, pero a\u00fan no se ha dado un encuentro de forma oficial; por eso,\u00a0<b>Juan Gonz\u00e1lez, funcionario del presidente Joe Biden y hombre de confianza para los temas de seguridad en el hemisferio occidental<\/b>, asegur\u00f3 que ambas naciones s<b>e reunir\u00e1n el 21 de julio<\/b>; un d\u00eda despu\u00e9s de que se posesione el nuevo congreso colombiano.<\/p>\n<p class=\"paragraph\">El anuncio fue ratificado por\u00a0<b>Mauricio Lizcano, expresidente del Congreso y delegado por Gustavo Petro para el empalme con el saliente gobierno de Iv\u00e1n Duque<\/b>. De hecho, este mismo ayer sostuvo una reuni\u00f3n con la embajada de los<b>\u00a0Estados Unidos<\/b>, liderado por\u00a0<b>Francisco Palmieri,<\/b>\u00a0donde se confirm\u00f3 la reuni\u00f3n de la pr\u00f3xima semana.<\/p>\n<p class=\"paragraph\">Dentro de la agenda, se esperan tratar temas fundamentales como: seguridad, comercio, derechos humanos, cultura, educaci\u00f3n, salud, entre muchos otros. Inclusive, el anuncio coincide con la llegada del electo mandatario de sus vacaciones de Italia, posiblemente ma\u00f1ana en la noche, qui\u00e9n aseguran, har\u00e1 parte de la reuni\u00f3n.<\/p>\n<p class=\"paragraph\">Adem\u00e1s de los funcionarios mencionados, en la reuni\u00f3n estar\u00e1, por parte del gobierno colombiano, el reciente nombrado\u00a0<b>ministro de relaciones exteriores (canciller), \u00c1lvaro Leyva<\/b>. Aunque no se han confirmado otros asistentes,\u00a0<b>Luis Fernando Velasco<\/b>, senador y miembro del gabinete de empalme es otro de las personas que podr\u00edan presentes en dicho encuentro.<\/p>\n<p class=\"paragraph\">Precisamente este \u00faltimo ha enfatizado la necesidad de hablar sobre el<b>\u00a0Tratado de Libre Comercio, TLC<\/b>, con el gobierno norteamericano, para solucionar diferentes temas exportadores, adem\u00e1s de se\u00f1alar el tema de la tasa cambiaria:<\/p>\n<p class=\"paragraph\">La buena relaci\u00f3n entre ambos gobiernos, seg\u00fan se conoce, busca que, al momento de la<b>\u00a0posesi\u00f3n de Gustavo Petro, el pr\u00f3ximo 7 de agosto<\/b>, los di\u00e1logos y acuerdos est\u00e9n avanzados y se puedan implementar las acciones entre ambas naciones con mayor agilidad.<\/p>\n<p class=\"paragraph\">A prop\u00f3sito de la confirmaci\u00f3n de dicha reuni\u00f3n, adem\u00e1s de la visita de<b>\u00a0Juan Gonz\u00e1lez<\/b>, se estudia la posibilidad que la\u00a0<b>vicepresidenta de los Estados Unidos, Kamala Harris<\/b>, asista a la posesi\u00f3n de Petro, en representaci\u00f3n de su pa\u00eds, lo que ratificar\u00eda no solo las buenas relaciones, sino que dar\u00eda una clara muestra de voluntad para el trabajo entre ambas naciones.<\/p>\n<p class=\"paragraph\">De no ser as\u00ed, la representaci\u00f3n norteamericana estar\u00eda liderada por el<b>\u00a0secretario de Estado, Antony Blinken<\/b>, lo que ha sido muy contrario a lo que sucedi\u00f3 al momento de la posesi\u00f3n del saliente presidente, Iv\u00e1n Duque, quien se demor\u00f3 algunos meses para establecer relaciones con los\u00a0<b>Estados Unidos<\/b>.<\/p>\n<p>Tomado de: INFOBAE<\/p>\n","protected":false},"excerpt":{"rendered":"<p>Desde el gobierno de los\u00a0Estados Unidos\u00a0y el equipo del\u00a0presidente electo de Colombia, Gustavo Petro,\u00a0ya han tenido varios acercamientos desde el triunfo del mandatario nacional, el pasado 19 de julio, pero a\u00fan no se ha dado un encuentro de forma oficial; por eso,\u00a0Juan Gonz\u00e1lez, funcionario del presidente Joe Biden y hombre de confianza para los temas<\/p>\n","protected":false},"author":1,"featured_media":9731,"comment_status":"closed","ping_status":"closed","sticky":false,"template":"","format":"standard","meta":{"footnotes":""},"categories":[181],"tags":[],"class_list":["post-9730","post","type-post","status-publish","format-standard","has-post-thumbnail","hentry","category-noticias"],"views":53,"_links":{"self":[{"href":"https:\/\/www.amchambaq.com\/es_co\/wp-json\/wp\/v2\/posts\/9730","targetHints":{"allow":["GET"]}}],"collection":[{"href":"https:\/\/www.amchambaq.com\/es_co\/wp-json\/wp\/v2\/posts"}],"about":[{"href":"https:\/\/www.amchambaq.com\/es_co\/wp-json\/wp\/v2\/types\/post"}],"author":[{"embeddable":true,"href":"https:\/\/www.amchambaq.com\/es_co\/wp-json\/wp\/v2\/users\/1"}],"replies":[{"embeddable":true,"href":"https:\/\/www.amchambaq.com\/es_co\/wp-json\/wp\/v2\/comments?post=9730"}],"version-history":[{"count":1,"href":"https:\/\/www.amchambaq.com\/es_co\/wp-json\/wp\/v2\/posts\/9730\/revisions"}],"predecessor-version":[{"id":9732,"href":"https:\/\/www.amchambaq.com\/es_co\/wp-json\/wp\/v2\/posts\/9730\/revisions\/9732"}],"wp:featuredmedia":[{"embeddable":true,"href":"https:\/\/www.amchambaq.com\/es_co\/wp-json\/wp\/v2\/media\/9731"}],"wp:attachment":[{"href":"https:\/\/www.amchambaq.com\/es_co\/wp-json\/wp\/v2\/media?parent=9730"}],"wp:term":[{"taxonomy":"category","embeddable":true,"href":"https:\/\/www.amchambaq.com\/es_co\/wp-json\/wp\/v2\/categories?post=9730"},{"taxonomy":"post_tag","embeddable":true,"href":"https:\/\/www.amchambaq.com\/es_co\/wp-json\/wp\/v2\/tags?post=9730"}],"curies":[{"name":"wp","href":"https:\/\/api.w.org\/{rel}","templated":true}]}}