{"id":9702,"date":"2022-07-08T16:10:49","date_gmt":"2022-07-08T21:10:49","guid":{"rendered":"https:\/\/www.amchambaq.com\/?p=9702"},"modified":"2022-07-08T16:10:49","modified_gmt":"2022-07-08T21:10:49","slug":"juramentan-en-barranquilla-a-voluntarios-del-cuerpo-de-paz-de-ee-uu","status":"publish","type":"post","link":"https:\/\/www.amchambaq.com\/es_co\/juramentan-en-barranquilla-a-voluntarios-del-cuerpo-de-paz-de-ee-uu\/","title":{"rendered":"Juramentan en Barranquilla a voluntarios del Cuerpo de Paz de EE. UU."},"content":{"rendered":"<p dir=\"ltr\">Diecisiete nuevos voluntarios se incorporaron al\u00a0<strong>Cuerpo de Paz de Estados Unidos<\/strong>\u00a0para realizar distintas labores sociales en diferentes municipios del pa\u00eds. El grupo fue juramentado la ma\u00f1ana de este viernes en Barranquilla en medio de un acto que cont\u00f3 con la presencia de funcionarios de la embajada americana y autoridades locales.<\/p>\n<p dir=\"ltr\">De esta nueva corte de voluntarios, siete de sus integrantes har\u00e1n su trabajo en diferentes municipios del Atl\u00e1ntico; mientras que 10 har\u00e1n lo propio en Boyac\u00e1, a lo largo de 24 meses. Esto supone el reinicio del trabajo del\u00a0<strong>Cuerpo de Paz en Colombia<\/strong>, luego de la pandemia de la covid-19.<\/p>\n<p dir=\"ltr\">Este equipo se enfocar\u00e1 en realizar labores relacionadas con programas de biling\u00fcismo en las instituciones educativas del departamento, as\u00ed como acompa\u00f1ar programas comunitarios de desarrollo econ\u00f3mico de las regiones.<\/p>\n<p dir=\"ltr\">Matthew Carlson, director nacional de Cuerpo de Paz, celebr\u00f3 el retorno de los voluntarios al territorio, tras una pausa obligada por la crisis sanitaria. \u201cQueremos llegar a las comunidades y tener un importante impacto sobre las personas con las que el equipo tendr\u00e1 contacto\u201d<\/p>\n<p>Por su parte, el encargado de<strong>\u00a0Negocios de la Embajada de los EE. UU. en Colombia,<\/strong>\u00a0Francisco L. Palmieri, asegur\u00f3 durante el evento que estas personas \u201cvan a unir sus talentos y esfuerzos\u201d para apoyar a las autoridades civiles a cumplir sus metas en el \u00e1mbito educativo y el desarrollo econ\u00f3mico.<\/p>\n<p>\u201cEstos voluntarios ense\u00f1ar\u00e1n el ingl\u00e9s como lengua extranjera y apoyar\u00e1n proyectos de desarrollos. La idea es ampliar las posibilidades de superaci\u00f3n de las comunidades\u201d, dijo Carlson.<\/p>\n<p>Catalina Ucr\u00f3s, secretaria de Educaci\u00f3n del Atl\u00e1ntico, ratific\u00f3 el compromiso del departamento con la paz y les dio la bienvenida al cuerpo de voluntarios \u201cal mejor territorio del pa\u00eds\u201d.<\/p>\n<p>\u201cEl Atl\u00e1ntico es un departamento de puertas abiertas, donde nos caracteriza la acogida y la diversidad. Ac\u00e1, les aseguro que la pasar\u00e1n muy bien, pues tendr\u00e1n muchas cosas pro describir. Esto ser\u00e1 una labor de cooperaci\u00f3n donde todos saldremos ganando\u201d, manifest\u00f3 Ucr\u00f3s.<\/p>\n<p>Por su parte, Marcela Ramos, coordinadora de relaciones internacionales y cooperaci\u00f3n del Sena, agradeci\u00f3 a la\u00a0<strong>Embajada\u00a0<\/strong>el trabajo conjunto que desde hace a\u00f1os realizan en Colombia.<\/p>\n<p>\u201cEste es un intercambio de saberes del que todos nos beneficiamos, pero son los j\u00f3venes los que m\u00e1s disfrutan de estas experiencias\u201d, dijo Ramos al destacar el trabajo participativo que realizan con el Sena.<\/p>\n<p>La aspirante del cuerpo de paz, Soledad Garc\u00eda-King, agradeci\u00f3 a las familias que acogen a los voluntarios ya que a trav\u00e9s de esa experiencia han podido conocer mejor la cultura de los atlanticenses. \u201cEso ha sido la clave del \u00e9xito para nuestra integraci\u00f3n\u201d.<\/p>\n<p>\u201cHa sido muy gratificante conocer sus costumbre, su gastronom\u00eda, sus visiones de la vida, pero sobre todo el que nos hagan sentir en casa. Su acogida ha sido fundamental para nuestra estad\u00eda en este pa\u00eds, en esta regi\u00f3n\u201d, se\u00f1al\u00f3 Garc\u00eda-King.<\/p>\n<p>Este grupo complet\u00f3 11 semanas de preservicios donde recibieron entrenamiento de<strong>\u00a0liderazgo, idioma y cultura.<\/strong><\/p>\n<p>Tomado de: EL HERALDO<\/p>\n<p>&nbsp;<\/p>\n","protected":false},"excerpt":{"rendered":"<p>Diecisiete nuevos voluntarios se incorporaron al\u00a0Cuerpo de Paz de Estados Unidos\u00a0para realizar distintas labores sociales en diferentes municipios del pa\u00eds. El grupo fue juramentado la ma\u00f1ana de este viernes en Barranquilla en medio de un acto que cont\u00f3 con la presencia de funcionarios de la embajada americana y autoridades locales. De esta nueva corte de<\/p>\n","protected":false},"author":1,"featured_media":9703,"comment_status":"closed","ping_status":"closed","sticky":false,"template":"","format":"standard","meta":{"footnotes":""},"categories":[181],"tags":[],"class_list":["post-9702","post","type-post","status-publish","format-standard","has-post-thumbnail","hentry","category-noticias"],"views":89,"_links":{"self":[{"href":"https:\/\/www.amchambaq.com\/es_co\/wp-json\/wp\/v2\/posts\/9702","targetHints":{"allow":["GET"]}}],"collection":[{"href":"https:\/\/www.amchambaq.com\/es_co\/wp-json\/wp\/v2\/posts"}],"about":[{"href":"https:\/\/www.amchambaq.com\/es_co\/wp-json\/wp\/v2\/types\/post"}],"author":[{"embeddable":true,"href":"https:\/\/www.amchambaq.com\/es_co\/wp-json\/wp\/v2\/users\/1"}],"replies":[{"embeddable":true,"href":"https:\/\/www.amchambaq.com\/es_co\/wp-json\/wp\/v2\/comments?post=9702"}],"version-history":[{"count":1,"href":"https:\/\/www.amchambaq.com\/es_co\/wp-json\/wp\/v2\/posts\/9702\/revisions"}],"predecessor-version":[{"id":9704,"href":"https:\/\/www.amchambaq.com\/es_co\/wp-json\/wp\/v2\/posts\/9702\/revisions\/9704"}],"wp:featuredmedia":[{"embeddable":true,"href":"https:\/\/www.amchambaq.com\/es_co\/wp-json\/wp\/v2\/media\/9703"}],"wp:attachment":[{"href":"https:\/\/www.amchambaq.com\/es_co\/wp-json\/wp\/v2\/media?parent=9702"}],"wp:term":[{"taxonomy":"category","embeddable":true,"href":"https:\/\/www.amchambaq.com\/es_co\/wp-json\/wp\/v2\/categories?post=9702"},{"taxonomy":"post_tag","embeddable":true,"href":"https:\/\/www.amchambaq.com\/es_co\/wp-json\/wp\/v2\/tags?post=9702"}],"curies":[{"name":"wp","href":"https:\/\/api.w.org\/{rel}","templated":true}]}}