{"id":9699,"date":"2022-07-08T16:06:57","date_gmt":"2022-07-08T21:06:57","guid":{"rendered":"https:\/\/www.amchambaq.com\/?p=9699"},"modified":"2022-07-08T16:06:57","modified_gmt":"2022-07-08T21:06:57","slug":"ee-uu-esta-abierto-para-mejorar-el-tlc-con-colombia","status":"publish","type":"post","link":"https:\/\/www.amchambaq.com\/es_co\/ee-uu-esta-abierto-para-mejorar-el-tlc-con-colombia\/","title":{"rendered":"EE. UU. \u201cest\u00e1 abierto\u201d para mejorar el TLC con Colombia"},"content":{"rendered":"<p>El encargado de Negocios de la Embajada de los EE. UU. en Colombia, Francisco L. Palmieri, se refiri\u00f3 este viernes a las futuras relaciones entre el gobierno del presidente electo,\u00a0<strong>Gustavo Petro y Estados Unidos<\/strong>, as\u00ed como del Tratado de Libre Comercio (TLC).<\/p>\n<p>Durante un evento en<strong>\u00a0Barranquilla<\/strong>, el funcionario indic\u00f3 que desde la embajada est\u00e1n \u201cen buen contacto con el equipo de empalme del presidente electo Gustavo Petro\u201d, al tiempo que destac\u00f3 que Estados Unidos \u201cest\u00e1 abierto\u201d para mejorar el TLC.<\/p>\n<p>\u201cEste a\u00f1o celebramos 10 a\u00f1os de TLC. Anoche (jueves) estuve con la\u00a0<strong>C\u00e1mara de Comercio Americana\u00a0<\/strong>y me dijeron que est\u00e1 funcionando muy bien, pero como todas las cosas 10 a\u00f1os es mucho tiempo y estamos siempre abiertos de c\u00f3mo podemos mejorar y avanzar el comercio entre Colombia y Estados Unidos. Todo esto es al beneficio de los dos pa\u00edses y vamos a continuar apoyando este esfuerzo\u201d, dijo Palmieri.<\/p>\n<p>El funcionario destac\u00f3 los 200 a\u00f1os de relaciones entre<strong>\u00a0Colombia y Estados Unidos<\/strong>\u00a0\u201csomos pa\u00edses muy amigos\u201d.<\/p>\n<p>Frente a la posible apertura de las relaciones econ\u00f3micas entre\u00a0<strong>Colombia y Venezuela<\/strong>, el funcionario destac\u00f3 que esas son decisiones soberanas de los pa\u00edses.<\/p>\n<p>Tomado de: EL HERALDO<\/p>\n","protected":false},"excerpt":{"rendered":"<p>El encargado de Negocios de la Embajada de los EE. UU. en Colombia, Francisco L. Palmieri, se refiri\u00f3 este viernes a las futuras relaciones entre el gobierno del presidente electo,\u00a0Gustavo Petro y Estados Unidos, as\u00ed como del Tratado de Libre Comercio (TLC). Durante un evento en\u00a0Barranquilla, el funcionario indic\u00f3 que desde la embajada est\u00e1n \u201cen<\/p>\n","protected":false},"author":1,"featured_media":9700,"comment_status":"closed","ping_status":"closed","sticky":false,"template":"","format":"standard","meta":{"footnotes":""},"categories":[181],"tags":[],"class_list":["post-9699","post","type-post","status-publish","format-standard","has-post-thumbnail","hentry","category-noticias"],"views":58,"_links":{"self":[{"href":"https:\/\/www.amchambaq.com\/es_co\/wp-json\/wp\/v2\/posts\/9699","targetHints":{"allow":["GET"]}}],"collection":[{"href":"https:\/\/www.amchambaq.com\/es_co\/wp-json\/wp\/v2\/posts"}],"about":[{"href":"https:\/\/www.amchambaq.com\/es_co\/wp-json\/wp\/v2\/types\/post"}],"author":[{"embeddable":true,"href":"https:\/\/www.amchambaq.com\/es_co\/wp-json\/wp\/v2\/users\/1"}],"replies":[{"embeddable":true,"href":"https:\/\/www.amchambaq.com\/es_co\/wp-json\/wp\/v2\/comments?post=9699"}],"version-history":[{"count":1,"href":"https:\/\/www.amchambaq.com\/es_co\/wp-json\/wp\/v2\/posts\/9699\/revisions"}],"predecessor-version":[{"id":9701,"href":"https:\/\/www.amchambaq.com\/es_co\/wp-json\/wp\/v2\/posts\/9699\/revisions\/9701"}],"wp:featuredmedia":[{"embeddable":true,"href":"https:\/\/www.amchambaq.com\/es_co\/wp-json\/wp\/v2\/media\/9700"}],"wp:attachment":[{"href":"https:\/\/www.amchambaq.com\/es_co\/wp-json\/wp\/v2\/media?parent=9699"}],"wp:term":[{"taxonomy":"category","embeddable":true,"href":"https:\/\/www.amchambaq.com\/es_co\/wp-json\/wp\/v2\/categories?post=9699"},{"taxonomy":"post_tag","embeddable":true,"href":"https:\/\/www.amchambaq.com\/es_co\/wp-json\/wp\/v2\/tags?post=9699"}],"curies":[{"name":"wp","href":"https:\/\/api.w.org\/{rel}","templated":true}]}}