{"id":9691,"date":"2022-07-06T09:03:18","date_gmt":"2022-07-06T14:03:18","guid":{"rendered":"https:\/\/www.amchambaq.com\/?p=9691"},"modified":"2022-07-06T09:03:18","modified_gmt":"2022-07-06T14:03:18","slug":"produccion-de-cafe-en-colombia-en-primer-semestre-de-2022-bajo-5","status":"publish","type":"post","link":"https:\/\/www.amchambaq.com\/es_co\/produccion-de-cafe-en-colombia-en-primer-semestre-de-2022-bajo-5\/","title":{"rendered":"Producci\u00f3n de caf\u00e9 en Colombia en primer semestre de 2022 baj\u00f3 5 %"},"content":{"rendered":"<p><b>La producci\u00f3n de caf\u00e9 <\/b>en\u00a0<b>Colombia\u00a0<\/b>en junio cay\u00f3 un 10 %, inform\u00f3 la\u00a0<b>Federaci\u00f3n Nacional de Cafeteros (FNC),\u00a0<\/b>cifra que contrasta con el aumento del 6 % en las exportaciones del mismo mes del a\u00f1o anterior.<\/p>\n<p id=\"pnull-m200-3-201\" class=\"parrafo\">De acuerdo con la FNC, la producci\u00f3n registrada de caf\u00e9 de Colombia &#8220;<i>cay\u00f3 10 %, a 951.000 sacos de 60 kilogramos de caf\u00e9, desde los casi 1,1 millones producidos en el mismo mes de 2021<\/i>&#8220;.<\/p>\n<p id=\"pnull-m251-3-252\" class=\"parrafo\">En el semestre,\u00a0<b>la producci\u00f3n super\u00f3 los 5,4 millones de sacos,<\/b>\u00a05 % menos frente a los poco m\u00e1s de 5,7 millones producidos en igual periodo anterior.<\/p>\n<p id=\"pnull-m265-4-266\" class=\"parrafo\">La cifra de producci\u00f3n sigui\u00f3 en rojo si se miran los \u00faltimos 12 meses (julio 2021 a junio 2022) porque esta lleg\u00f3 a casi 12,3 millones de sacos,\u00a0<b>9 % menos comparados\u00a0<\/b>con los casi 13,5 millones de sacos cosechados un a\u00f1o atr\u00e1s.<\/p>\n<p id=\"pnull-m258-4-259\" class=\"parrafo\">Por otro lado, la FNC inform\u00f3 en un comunicado que en el sexto mes del a\u00f1o las\u00a0<b>exportaciones subieron el 6 %,<\/b>\u00a0a 939.000 sacos de 60 kilogramos versus los 890.000 exportados en junio de 2021.<\/p>\n<p id=\"pnull-m272-6-273\" class=\"parrafo\">En el semestre, las exportaciones\u00a0<b>subieron un 2 % al rozar los 5,9 millones de sacos,<\/b>\u00a0en comparaci\u00f3n a los m\u00e1s de 5,7 millones de sacos puestos en los mercados internacionales un a\u00f1o atr\u00e1s.<\/p>\n<p id=\"pnull-m293-7-294\" class=\"parrafo\">Igualmente, en los \u00faltimos 12 meses, las exportaciones se mantuvieron pr\u00e1cticamente igual al contabilizar 12,5 millones de sacos.<\/p>\n<p id=\"pnull-m279-7-280\" class=\"parrafo\"><b>Colombia es el mayor productor mundial de caf\u00e9 ar\u00e1bigo suave lavado<\/b>\u00a0y de su actividad devengan el sustento unas 560.000 familias campesinas.<\/p>\n<p>Tomado de: PORTAFOLIO<\/p>\n","protected":false},"excerpt":{"rendered":"<p>La producci\u00f3n de caf\u00e9 en\u00a0Colombia\u00a0en junio cay\u00f3 un 10 %, inform\u00f3 la\u00a0Federaci\u00f3n Nacional de Cafeteros (FNC),\u00a0cifra que contrasta con el aumento del 6 % en las exportaciones del mismo mes del a\u00f1o anterior. De acuerdo con la FNC, la producci\u00f3n registrada de caf\u00e9 de Colombia &#8220;cay\u00f3 10 %, a 951.000 sacos de 60 kilogramos de<\/p>\n","protected":false},"author":1,"featured_media":9692,"comment_status":"closed","ping_status":"closed","sticky":false,"template":"","format":"standard","meta":{"footnotes":""},"categories":[181],"tags":[],"class_list":["post-9691","post","type-post","status-publish","format-standard","has-post-thumbnail","hentry","category-noticias"],"views":69,"_links":{"self":[{"href":"https:\/\/www.amchambaq.com\/es_co\/wp-json\/wp\/v2\/posts\/9691","targetHints":{"allow":["GET"]}}],"collection":[{"href":"https:\/\/www.amchambaq.com\/es_co\/wp-json\/wp\/v2\/posts"}],"about":[{"href":"https:\/\/www.amchambaq.com\/es_co\/wp-json\/wp\/v2\/types\/post"}],"author":[{"embeddable":true,"href":"https:\/\/www.amchambaq.com\/es_co\/wp-json\/wp\/v2\/users\/1"}],"replies":[{"embeddable":true,"href":"https:\/\/www.amchambaq.com\/es_co\/wp-json\/wp\/v2\/comments?post=9691"}],"version-history":[{"count":1,"href":"https:\/\/www.amchambaq.com\/es_co\/wp-json\/wp\/v2\/posts\/9691\/revisions"}],"predecessor-version":[{"id":9693,"href":"https:\/\/www.amchambaq.com\/es_co\/wp-json\/wp\/v2\/posts\/9691\/revisions\/9693"}],"wp:featuredmedia":[{"embeddable":true,"href":"https:\/\/www.amchambaq.com\/es_co\/wp-json\/wp\/v2\/media\/9692"}],"wp:attachment":[{"href":"https:\/\/www.amchambaq.com\/es_co\/wp-json\/wp\/v2\/media?parent=9691"}],"wp:term":[{"taxonomy":"category","embeddable":true,"href":"https:\/\/www.amchambaq.com\/es_co\/wp-json\/wp\/v2\/categories?post=9691"},{"taxonomy":"post_tag","embeddable":true,"href":"https:\/\/www.amchambaq.com\/es_co\/wp-json\/wp\/v2\/tags?post=9691"}],"curies":[{"name":"wp","href":"https:\/\/api.w.org\/{rel}","templated":true}]}}