{"id":9664,"date":"2022-06-30T08:46:49","date_gmt":"2022-06-30T13:46:49","guid":{"rendered":"https:\/\/www.amchambaq.com\/?p=9664"},"modified":"2022-06-30T08:46:49","modified_gmt":"2022-06-30T13:46:49","slug":"el-bid-aprobo-300-millones-de-dolares-para-colombia-en-que-se-usaran","status":"publish","type":"post","link":"https:\/\/www.amchambaq.com\/es_co\/el-bid-aprobo-300-millones-de-dolares-para-colombia-en-que-se-usaran\/","title":{"rendered":"El BID aprob\u00f3 300 millones de d\u00f3lares para Colombia: en qu\u00e9 se usar\u00e1n"},"content":{"rendered":"<p>El B<b>anco Interamericano de Desarrollo (BID)<\/b>\u00a0anunci\u00f3 la aprobaci\u00f3n de un pr\u00e9stamo de 300 millones de d\u00f3lares para apoyar el fortalecimiento de\u00a0<b>Colombia<\/b>\u00a0en la gesti\u00f3n y financiamiento de la\u00a0<b>acci\u00f3n clim\u00e1tica, el fomento de oportunidades econ\u00f3micas basadas en el uso del capital natural y la econom\u00eda circular, y el impulso a la transici\u00f3n energ\u00e9tica.<\/b><\/p>\n<p id=\"pnull-m200-3-201\" class=\"parrafo\">El programa se enfoca en la actualizaci\u00f3n y puesta en marcha de medidas normativas y de pol\u00edtica que contribuir\u00e1n a la disminuci\u00f3n de las emisiones de gases de efecto invernadero en diversos sectores de la econom\u00eda y la creaci\u00f3n de cerca de\u00a0<b>4.000 nuevos empleos verdes.<\/b><\/p>\n<p id=\"pnull-m251-3-252\" class=\"parrafo\">Esta operaci\u00f3n es la segunda de una serie dise\u00f1ada bajo la modalidad de Pr\u00e9stamos en Apoyo de Reformas de Pol\u00edtica. El primer programa cont\u00f3 con un financiamiento de 800 millones de d\u00f3lares del BID y tuvo una exitosa ejecuci\u00f3n con la aprobaci\u00f3n de 44 medidas para fortalecer la capacidad del Gobierno de incorporar la acci\u00f3n clim\u00e1tica y la recuperaci\u00f3n econ\u00f3mica sostenible en los marcos de pol\u00edtica nacional, destac\u00f3 la entidad.<\/p>\n<p id=\"pnull-m258-4-259\" class=\"parrafo\">La serie program\u00e1tica cont\u00f3 tambi\u00e9n con<b>\u00a0cofinanciaciones<\/b>\u00a0por parte de socios como la Agencia Francesa de Desarrollo, el Banco de Desarrollo Alem\u00e1n, el Banco de Exportaciones e Importaciones de Corea, la Agencia Sueca de Cooperaci\u00f3n Internacional para el Desarrollo, el Banco de Desarrollo de Am\u00e9rica Latina, el Banco Centroamericano de Integraci\u00f3n Econ\u00f3mica y el Programa UKSIP del Gobierno del Reino Unido.<\/p>\n<p id=\"pnull-m265-5-266\" class=\"parrafo\">Es preciso destacar que en el marco del programa, Colombia present\u00f3 su\u00a0<b>Estrategia Clim\u00e1tica de Largo Plazo durante la COP26;\u00a0<\/b>aprob\u00f3 la<b>\u00a0Ley de Acci\u00f3n Clim\u00e1tica<\/b>\u00a0(Ley 2169 de 2021), y emiti\u00f3 los primeros bonos verdes soberanos en el mercado interno (TES verdes) bajo los liderazgos de Ministerio de Hacienda y de Ambiente.<\/p>\n<p id=\"pnull-m272-6-273\" class=\"parrafo\">El pa\u00eds tambi\u00e9n actualiz\u00f3 su estrategia de financiamiento clim\u00e1tico y los planes sectoriales y territoriales de cambio clim\u00e1tico en el contexto del programa. Por ejemplo, \u00e9ste promueve cambios normativos de los sistemas de monitoreo y reporte, mercados de carbono y transferencia de conocimiento sobre agricultura clim\u00e1tica inteligente y buenas pr\u00e1cticas para la resiliencia en el<b>\u00a0sector agropecuario.<\/b><\/p>\n<p id=\"pnull-m279-7-280\" class=\"parrafo\">Con esta transferencia de conocimiento, un potencial de dos millones de productores agropecuarios y un 30 % de mujeres rurales podr\u00edan beneficiarse.<\/p>\n<p id=\"pnull-m293-8-294\" class=\"parrafo\">En cuanto a los\u00a0<b>sectores energ\u00e9tico y de transporte,\u00a0<\/b>las medidas apuntan a reducir la contaminaci\u00f3n del aire causada por veh\u00edculos de combusti\u00f3n interna y el desarrollo de una matriz energ\u00e9tica diversificada, m\u00e1s limpia y resiliente con un potencial de 20 GW de generaci\u00f3n mediante FNCER.<\/p>\n<p id=\"pnull-m286-8-287\" class=\"parrafo\">Con el primer cr\u00e9dito del BID, Colombia marc\u00f3 un hito al incrementar sus objetivos de\u00a0<b>reducci\u00f3n de emisiones de gases de efecto invernadero del 20 % al 5 1% en 2030,\u00a0<\/b>en el marco de sus compromisos para el Acuerdo de Par\u00eds, y acompa\u00f1\u00f3 esta medida con otras pol\u00edticas, como la aprobaci\u00f3n de la Pol\u00edtica Nacional de Control a la Deforestaci\u00f3n y la expedici\u00f3n de las Leyes de Turismo Sostenible (Ley 2068 de 2020) y de Transformaci\u00f3n Energ\u00e9tica (Ley 2099 de 2021).<\/p>\n<p>Tomado de: PORTAFOLIO<\/p>\n","protected":false},"excerpt":{"rendered":"<p>El Banco Interamericano de Desarrollo (BID)\u00a0anunci\u00f3 la aprobaci\u00f3n de un pr\u00e9stamo de 300 millones de d\u00f3lares para apoyar el fortalecimiento de\u00a0Colombia\u00a0en la gesti\u00f3n y financiamiento de la\u00a0acci\u00f3n clim\u00e1tica, el fomento de oportunidades econ\u00f3micas basadas en el uso del capital natural y la econom\u00eda circular, y el impulso a la transici\u00f3n energ\u00e9tica. El programa se enfoca<\/p>\n","protected":false},"author":1,"featured_media":8773,"comment_status":"closed","ping_status":"closed","sticky":false,"template":"","format":"standard","meta":{"footnotes":""},"categories":[181],"tags":[],"class_list":["post-9664","post","type-post","status-publish","format-standard","has-post-thumbnail","hentry","category-noticias"],"views":89,"_links":{"self":[{"href":"https:\/\/www.amchambaq.com\/es_co\/wp-json\/wp\/v2\/posts\/9664","targetHints":{"allow":["GET"]}}],"collection":[{"href":"https:\/\/www.amchambaq.com\/es_co\/wp-json\/wp\/v2\/posts"}],"about":[{"href":"https:\/\/www.amchambaq.com\/es_co\/wp-json\/wp\/v2\/types\/post"}],"author":[{"embeddable":true,"href":"https:\/\/www.amchambaq.com\/es_co\/wp-json\/wp\/v2\/users\/1"}],"replies":[{"embeddable":true,"href":"https:\/\/www.amchambaq.com\/es_co\/wp-json\/wp\/v2\/comments?post=9664"}],"version-history":[{"count":1,"href":"https:\/\/www.amchambaq.com\/es_co\/wp-json\/wp\/v2\/posts\/9664\/revisions"}],"predecessor-version":[{"id":9665,"href":"https:\/\/www.amchambaq.com\/es_co\/wp-json\/wp\/v2\/posts\/9664\/revisions\/9665"}],"wp:featuredmedia":[{"embeddable":true,"href":"https:\/\/www.amchambaq.com\/es_co\/wp-json\/wp\/v2\/media\/8773"}],"wp:attachment":[{"href":"https:\/\/www.amchambaq.com\/es_co\/wp-json\/wp\/v2\/media?parent=9664"}],"wp:term":[{"taxonomy":"category","embeddable":true,"href":"https:\/\/www.amchambaq.com\/es_co\/wp-json\/wp\/v2\/categories?post=9664"},{"taxonomy":"post_tag","embeddable":true,"href":"https:\/\/www.amchambaq.com\/es_co\/wp-json\/wp\/v2\/tags?post=9664"}],"curies":[{"name":"wp","href":"https:\/\/api.w.org\/{rel}","templated":true}]}}