{"id":9625,"date":"2022-06-16T16:57:41","date_gmt":"2022-06-16T21:57:41","guid":{"rendered":"https:\/\/www.amchambaq.com\/?p=9625"},"modified":"2022-06-16T16:57:41","modified_gmt":"2022-06-16T21:57:41","slug":"ee-uu-trabajara-con-el-presidente-que-quede-blinken","status":"publish","type":"post","link":"https:\/\/www.amchambaq.com\/es_co\/ee-uu-trabajara-con-el-presidente-que-quede-blinken\/","title":{"rendered":"EE. UU. trabajar\u00e1 con el presidente que quede: Blinken"},"content":{"rendered":"<p>BOGOT\u00c1. El pasado mi\u00e9rcoles, en el marco\u00a0de un evento en Washington de conmemoraci\u00f3n de los 200 a\u00f1os de relaciones bilaterales entre\u00a0<strong>Colombia<\/strong>\u00a0y\u00a0<strong>Estados Unidos<\/strong>, el secretario de Estado norteamericano,\u00a0<strong>Antony Blinken<\/strong>, reafirm\u00f3 que el gobierno de Joe Biden trabajar\u00e1 con quien quede de presidente el pr\u00f3ximo domingo:\u00a0<strong>Rodolfo Hern\u00e1ndez\u00a0<\/strong>o\u00a0<strong>Gustavo Petro<\/strong>.<\/p>\n<p>\u201cIndependientemente del resultado, EE. UU. est\u00e1 entusiasmado por\u00a0trabajar con el nuevo gobierno para continuar el proceso en curso y con una relaci\u00f3n que generaciones de funcionarios y nuestra gente han construido juntos\u201d, dijo Blinken, agregando que \u201cel mes pasado vimos la fuerza de la democracia en acci\u00f3n\u201d, refiri\u00e9ndose a la primera vuelta presidencial.<\/p>\n<p>Por su parte, el presidente<strong>\u00a0Iv\u00e1n Duque<\/strong>\u00a0le expres\u00f3 al jefe de la diplomacia estadounidense: &#8220;Nosotros garantizamos con la fuerza p\u00fablica que el pr\u00f3ximo domingo todos los colombianos salgan a votar libremente y, por supuesto, tambi\u00e9n nosotros vamos a ser respetuosos del\u00a0<strong>resultado<\/strong>\u00a0de los colombianos en las urnas&#8221;.<\/p>\n<p>Duque, posteriormente, recibi\u00f3 el Premio al Servicio P\u00fablico Global, concedido por el Wilson Center, como reconocimiento al gesto humanitario de recibir en Colombia a casi 2 millones de migrantes de Venezuela.<\/p>\n<p>\u201cEs un honor para m\u00ed compartir este premio con un grupo tan maravilloso de servidores p\u00fablicos y l\u00edderes empresariales\u201d, expres\u00f3 el presidente, quien recibi\u00f3 la distinci\u00f3n de manos del Presidente del Wilson Center, Mark Green.<\/p>\n<p>Y agreg\u00f3 que sab\u00eda que el Estatuto Temporal de Protecci\u00f3n \u201cno iba ser popular, pero hay que hacer lo que es correcto\u201d.<\/p>\n<p>Tomado de: EL HERALDO<\/p>\n","protected":false},"excerpt":{"rendered":"<p>BOGOT\u00c1. El pasado mi\u00e9rcoles, en el marco\u00a0de un evento en Washington de conmemoraci\u00f3n de los 200 a\u00f1os de relaciones bilaterales entre\u00a0Colombia\u00a0y\u00a0Estados Unidos, el secretario de Estado norteamericano,\u00a0Antony Blinken, reafirm\u00f3 que el gobierno de Joe Biden trabajar\u00e1 con quien quede de presidente el pr\u00f3ximo domingo:\u00a0Rodolfo Hern\u00e1ndez\u00a0o\u00a0Gustavo Petro. \u201cIndependientemente del resultado, EE. UU. est\u00e1 entusiasmado por\u00a0trabajar con<\/p>\n","protected":false},"author":1,"featured_media":9626,"comment_status":"closed","ping_status":"closed","sticky":false,"template":"","format":"standard","meta":{"footnotes":""},"categories":[181],"tags":[],"class_list":["post-9625","post","type-post","status-publish","format-standard","has-post-thumbnail","hentry","category-noticias"],"views":76,"_links":{"self":[{"href":"https:\/\/www.amchambaq.com\/es_co\/wp-json\/wp\/v2\/posts\/9625","targetHints":{"allow":["GET"]}}],"collection":[{"href":"https:\/\/www.amchambaq.com\/es_co\/wp-json\/wp\/v2\/posts"}],"about":[{"href":"https:\/\/www.amchambaq.com\/es_co\/wp-json\/wp\/v2\/types\/post"}],"author":[{"embeddable":true,"href":"https:\/\/www.amchambaq.com\/es_co\/wp-json\/wp\/v2\/users\/1"}],"replies":[{"embeddable":true,"href":"https:\/\/www.amchambaq.com\/es_co\/wp-json\/wp\/v2\/comments?post=9625"}],"version-history":[{"count":1,"href":"https:\/\/www.amchambaq.com\/es_co\/wp-json\/wp\/v2\/posts\/9625\/revisions"}],"predecessor-version":[{"id":9627,"href":"https:\/\/www.amchambaq.com\/es_co\/wp-json\/wp\/v2\/posts\/9625\/revisions\/9627"}],"wp:featuredmedia":[{"embeddable":true,"href":"https:\/\/www.amchambaq.com\/es_co\/wp-json\/wp\/v2\/media\/9626"}],"wp:attachment":[{"href":"https:\/\/www.amchambaq.com\/es_co\/wp-json\/wp\/v2\/media?parent=9625"}],"wp:term":[{"taxonomy":"category","embeddable":true,"href":"https:\/\/www.amchambaq.com\/es_co\/wp-json\/wp\/v2\/categories?post=9625"},{"taxonomy":"post_tag","embeddable":true,"href":"https:\/\/www.amchambaq.com\/es_co\/wp-json\/wp\/v2\/tags?post=9625"}],"curies":[{"name":"wp","href":"https:\/\/api.w.org\/{rel}","templated":true}]}}