{"id":9606,"date":"2022-06-08T09:51:15","date_gmt":"2022-06-08T14:51:15","guid":{"rendered":"https:\/\/www.amchambaq.com\/?p=9606"},"modified":"2022-06-08T09:51:15","modified_gmt":"2022-06-08T14:51:15","slug":"economia-colombiana-crecera-un-61-en-2022-y-21-en-2023-preve-la-ocde","status":"publish","type":"post","link":"https:\/\/www.amchambaq.com\/es_co\/economia-colombiana-crecera-un-61-en-2022-y-21-en-2023-preve-la-ocde\/","title":{"rendered":"Econom\u00eda colombiana crecer\u00e1 un 6,1 % en 2022 y 2,1 % en 2023, prev\u00e9 la OCDE"},"content":{"rendered":"<p>La Organizaci\u00f3n para la Cooperaci\u00f3n y el Desarrollo Econ\u00f3micos (<strong>OCDE<\/strong>) prev\u00e9 que la\u00a0<strong>econom\u00eda colombiana<\/strong>\u00a0crezca un 6,1 % en\u00a0<strong>2022<\/strong>\u00a0y un 2,1 % en<strong>\u00a02023<\/strong>\u00a0impulsada por el consumo privado y la recuperaci\u00f3n gradual del\u00a0<strong>empleo<\/strong>.<\/p>\n<p>As\u00ed se desprende del informe semestral de perspectivas del organismo, que se\u00f1ala que a pesar de la ralentizaci\u00f3n de la econom\u00eda el crecimiento se mantendr\u00e1 s\u00f3lido porque las\u00a0<strong>exportaciones<\/strong>\u00a0de aceite y minerales &#8220;se beneficiar\u00e1n de los altos precios globales, al menos temporalmente&#8221;, lo que permitir\u00e1 apoyar la\u00a0<strong>inversi\u00f3n\u00a0<\/strong>en esos sectores.<\/p>\n<p>La econom\u00eda colombiana tuvo en 2021 un crecimiento del 10,6 % que fue impulsado por la reactivaci\u00f3n de la actividad productiva tras el par\u00f3n de 2020 por la pandemia.<\/p>\n<p>Por otra parte, la OCDE destaca que los precios de las materias primas han mejorado &#8220;las condiciones de comercio&#8221; y apoyan los resultados fiscales en un contexto en el que hay una demanda externa creciente.<\/p>\n<div class=\"field-item odd\">\n<div class=\"entity entity-paragraphs-item paragraphs-item-descripcion\">\n<div class=\"content\">\n<div class=\"field field-name-field-descripcion field-type-text-long field-label-hidden\">\n<div class=\"field-items\">\n<div class=\"field-item even\">\n<p>Sin embargo, alert\u00f3 que la inflaci\u00f3n ha estado &#8220;muy por encima del objetivo&#8221; por cuenta de, principalmente, el aumento de los precios de los alimentos y la energ\u00eda, &#8220;que han afectado especialmente a los hogares de bajos ingresos&#8221;.<\/p>\n<p>El s\u00e1bado pasado el Departamento Administrativo Nacional de Estad\u00edstica (DANE) inform\u00f3 que el \u00cdndice de Precios al Consumidor (IPC) interanual lleg\u00f3 al 9,07 %, es decir 5,77 puntos porcentuales mayor que la reportada en el mismo periodo del a\u00f1o anterior.<\/p>\n<p>&#8220;M\u00e1s recientemente, sin embargo, las presiones inflacionarias se han generalizado cada vez m\u00e1s&#8221;, agreg\u00f3 la OCDE.<\/p>\n<\/div>\n<\/div>\n<\/div>\n<\/div>\n<\/div>\n<\/div>\n<div class=\"field-item even\">\n<div class=\"shares\"><\/div>\n<div class=\"content-titulo\">\n<div class=\"titulo\"><strong>Endurecimiento de la pol\u00edtica monetaria<\/strong><\/div>\n<\/div>\n<\/div>\n<div class=\"field-item odd\">\n<div class=\"entity entity-paragraphs-item paragraphs-item-descripcion\">\n<div class=\"content\">\n<div class=\"field field-name-field-descripcion field-type-text-long field-label-hidden\">\n<div class=\"field-items\">\n<div class=\"field-item even\">\n<p>El organismo tambi\u00e9n se\u00f1al\u00f3 que el endurecimiento de la pol\u00edtica monetaria se ha acelerado sustancialmente y que se espera que &#8220;las condiciones financieras se mantengan apretadas hasta finales de 2023&#8221;.<\/p>\n<p>Esto porque la pol\u00edtica fiscal de apoyo a los hogares vulnerables se mantendr\u00e1 este a\u00f1o, en tanto que habr\u00e1 reducciones de gastos en otras \u00e1reas que &#8220;dar\u00e1n paso a un ajuste fiscal gradual que se intensificar\u00e1 en 2023&#8221;.<\/p>\n<\/div>\n<\/div>\n<\/div>\n<\/div>\n<\/div>\n<\/div>\n<div class=\"field-item even\">\n<div id=\"relacionado-body\">\n<div class=\"box-title\">\n<p>En ese sentido, la OCDE asegur\u00f3 que la reforma fiscal que fue aprobada el a\u00f1o pasado por el Congreso colombiano sent\u00f3 las bases para hacer esos ajustes, pero considera necesarios &#8220;esfuerzos adicionales&#8221; para estabilizar la deuda p\u00fablica del pa\u00eds.<\/p>\n<p>Esa reforma, aprobada en septiembre de 2021, busca recaudar 15,2 billones de pesos (unos 4.000 millones de d\u00f3lares de hoy) para garantizar la estabilidad de las finanzas p\u00fablicas y la reactivaci\u00f3n de la econom\u00eda.<\/p>\n<p>Seg\u00fan el Gobierno, el objetivo era llegar a entre 12 y 15 millones de colombianos m\u00e1s que se beneficiar\u00e1n de programas sociales del Gobierno para que un 50 % la poblaci\u00f3n del pa\u00eds reciba ayudas ante las dificultades econ\u00f3micas agravadas por la pandemia.<\/p>\n<p>A su vez, el\u00a0<strong>Ministro de Hacienda<\/strong>, Jos\u00e9 Manuel Restrepo recibi\u00f3 con complacencia el informe del organismo internacional.<\/p>\n<p>Tomado de: EL HERALDO<\/p>\n<\/div>\n<\/div>\n<\/div>\n","protected":false},"excerpt":{"rendered":"<p>La Organizaci\u00f3n para la Cooperaci\u00f3n y el Desarrollo Econ\u00f3micos (OCDE) prev\u00e9 que la\u00a0econom\u00eda colombiana\u00a0crezca un 6,1 % en\u00a02022\u00a0y un 2,1 % en\u00a02023\u00a0impulsada por el consumo privado y la recuperaci\u00f3n gradual del\u00a0empleo. As\u00ed se desprende del informe semestral de perspectivas del organismo, que se\u00f1ala que a pesar de la ralentizaci\u00f3n de la econom\u00eda el crecimiento se<\/p>\n","protected":false},"author":1,"featured_media":9554,"comment_status":"closed","ping_status":"closed","sticky":false,"template":"","format":"standard","meta":{"footnotes":""},"categories":[181],"tags":[],"class_list":["post-9606","post","type-post","status-publish","format-standard","has-post-thumbnail","hentry","category-noticias"],"views":89,"_links":{"self":[{"href":"https:\/\/www.amchambaq.com\/es_co\/wp-json\/wp\/v2\/posts\/9606","targetHints":{"allow":["GET"]}}],"collection":[{"href":"https:\/\/www.amchambaq.com\/es_co\/wp-json\/wp\/v2\/posts"}],"about":[{"href":"https:\/\/www.amchambaq.com\/es_co\/wp-json\/wp\/v2\/types\/post"}],"author":[{"embeddable":true,"href":"https:\/\/www.amchambaq.com\/es_co\/wp-json\/wp\/v2\/users\/1"}],"replies":[{"embeddable":true,"href":"https:\/\/www.amchambaq.com\/es_co\/wp-json\/wp\/v2\/comments?post=9606"}],"version-history":[{"count":1,"href":"https:\/\/www.amchambaq.com\/es_co\/wp-json\/wp\/v2\/posts\/9606\/revisions"}],"predecessor-version":[{"id":9607,"href":"https:\/\/www.amchambaq.com\/es_co\/wp-json\/wp\/v2\/posts\/9606\/revisions\/9607"}],"wp:featuredmedia":[{"embeddable":true,"href":"https:\/\/www.amchambaq.com\/es_co\/wp-json\/wp\/v2\/media\/9554"}],"wp:attachment":[{"href":"https:\/\/www.amchambaq.com\/es_co\/wp-json\/wp\/v2\/media?parent=9606"}],"wp:term":[{"taxonomy":"category","embeddable":true,"href":"https:\/\/www.amchambaq.com\/es_co\/wp-json\/wp\/v2\/categories?post=9606"},{"taxonomy":"post_tag","embeddable":true,"href":"https:\/\/www.amchambaq.com\/es_co\/wp-json\/wp\/v2\/tags?post=9606"}],"curies":[{"name":"wp","href":"https:\/\/api.w.org\/{rel}","templated":true}]}}