{"id":9562,"date":"2022-05-31T10:29:53","date_gmt":"2022-05-31T15:29:53","guid":{"rendered":"https:\/\/www.amchambaq.com\/?p=9562"},"modified":"2022-05-31T10:29:53","modified_gmt":"2022-05-31T15:29:53","slug":"inscripciones-para-el-premio-merito-empresarial-2022","status":"publish","type":"post","link":"https:\/\/www.amchambaq.com\/es_co\/inscripciones-para-el-premio-merito-empresarial-2022\/","title":{"rendered":"Inscripciones para el Premio M\u00e9rito Empresarial 2022"},"content":{"rendered":"<p>Las inscripciones para los empresarios y compa\u00f1\u00edas interesadas en postularse para la versi\u00f3n 2022 del Premio al M\u00e9rito Empresarial Universidad Sim\u00f3n Bol\u00edvar, est\u00e1n abiertas hasta el 14 de julio.<\/p>\n<p>Para tomar parte en este premio que hace un reconocimiento al liderazgo y excelencia de los empresarios de Colombia, las inscripciones se pueden hacer a trav\u00e9s de la p\u00e1gina web www.premioalmeritoempresarial.com.<\/p>\n<p>El Premio al M\u00e9rito Empresarial es el m\u00e1ximo reconocimiento que se entrega anualmente a las empresas y empresarios, con la participaci\u00f3n de pymes y grandes empresas de Colombia.<\/p>\n<p>Liderado por la Universidad Sim\u00f3n Bol\u00edvar este premio naci\u00f3 en 2010, con el apoyo del sector privado, gremios empresariales, las C\u00e1maras de Comercio y el sector p\u00fablico, como la Gobernaci\u00f3n del Atl\u00e1ntico y Norte de Santander, y las Alcald\u00eda de Barranquilla y C\u00facuta.<\/p>\n<p>Su objetivo es estimular la competitividad empresarial de las regiones, por medio del reconocimiento a las buenas pr\u00e1cticas empresariales y a los l\u00edderes que inspiran, sirviendo como referente para otros empresarios y para la sociedad en general.<\/p>\n<p>El Premio tiene como objetivo el reconocimiento empresarial, que anualmente exalta a las empresas que impulsan la transformaci\u00f3n econ\u00f3mica y social de las regiones, a trav\u00e9s de esfuerzos que se traducen en innovaci\u00f3n, generaci\u00f3n de cambios organizacionales y estrategias de competitividad.<\/p>\n<p>La directora del Premio, Tatyana Bol\u00edvar Vasilef, dijo que esta iniciativa tiene como prop\u00f3sito exaltar las empresas que han llevado a cabo destacadas actividades en internacionalizaci\u00f3n, innovaci\u00f3n, desarrollo sostenible, transformaci\u00f3n digital y cooperaci\u00f3n, especialmente en un a\u00f1o marcado por la pandemia del COVID 19 y las dificultades a\u00f1adidas que ha generado en todos los sectores de la econom\u00eda.<\/p>\n<p>Se podr\u00e1n postular las micros, pymes y grandes empresas de todo el pa\u00eds, con m\u00ednimo tres a\u00f1os de constituci\u00f3n, que cumplan con los requisitos definidos en las categor\u00edas empresariales que son: M\u00e9rito a la Empresa Innovadora;\u00a0M\u00e9rito a la Sostenibilidad empresarial,\u00a0M\u00e9rito a la Responsabilidad Social y al Valor Compartido,\u00a0. M\u00e9rito a la Empresa de Salud,\u00a0M\u00e9rito a la Empresa Industrial-Manufacturera,<\/p>\n<p>Las Categor\u00edas para Empresarios postulados por los gremios empresariales aliados son: Empresario del A\u00f1o,\u00a0Empresario Benem\u00e9rito y\u00a0M\u00e9rito al Egresado Unisim\u00f3n.<\/p>\n<p>En el proceso de evaluaci\u00f3n participa un comit\u00e9 t\u00e9cnico, integrado por profesionales con experiencia en investigaci\u00f3n y evaluaci\u00f3n de proyectos empresariales, y el jurado evaluador, compuesto por personalidades distinguidas del entorno empresarial, acad\u00e9mico y social que, con criterios independientes y s\u00f3lidos conocimientos empresariales.<\/p>\n<p>Tomado de: EL HERALDO<\/p>\n","protected":false},"excerpt":{"rendered":"<p>Las inscripciones para los empresarios y compa\u00f1\u00edas interesadas en postularse para la versi\u00f3n 2022 del Premio al M\u00e9rito Empresarial Universidad Sim\u00f3n Bol\u00edvar, est\u00e1n abiertas hasta el 14 de julio. Para tomar parte en este premio que hace un reconocimiento al liderazgo y excelencia de los empresarios de Colombia, las inscripciones se pueden hacer a trav\u00e9s<\/p>\n","protected":false},"author":1,"featured_media":9293,"comment_status":"closed","ping_status":"closed","sticky":false,"template":"","format":"standard","meta":{"footnotes":""},"categories":[181],"tags":[],"class_list":["post-9562","post","type-post","status-publish","format-standard","has-post-thumbnail","hentry","category-noticias"],"views":127,"_links":{"self":[{"href":"https:\/\/www.amchambaq.com\/es_co\/wp-json\/wp\/v2\/posts\/9562","targetHints":{"allow":["GET"]}}],"collection":[{"href":"https:\/\/www.amchambaq.com\/es_co\/wp-json\/wp\/v2\/posts"}],"about":[{"href":"https:\/\/www.amchambaq.com\/es_co\/wp-json\/wp\/v2\/types\/post"}],"author":[{"embeddable":true,"href":"https:\/\/www.amchambaq.com\/es_co\/wp-json\/wp\/v2\/users\/1"}],"replies":[{"embeddable":true,"href":"https:\/\/www.amchambaq.com\/es_co\/wp-json\/wp\/v2\/comments?post=9562"}],"version-history":[{"count":1,"href":"https:\/\/www.amchambaq.com\/es_co\/wp-json\/wp\/v2\/posts\/9562\/revisions"}],"predecessor-version":[{"id":9563,"href":"https:\/\/www.amchambaq.com\/es_co\/wp-json\/wp\/v2\/posts\/9562\/revisions\/9563"}],"wp:featuredmedia":[{"embeddable":true,"href":"https:\/\/www.amchambaq.com\/es_co\/wp-json\/wp\/v2\/media\/9293"}],"wp:attachment":[{"href":"https:\/\/www.amchambaq.com\/es_co\/wp-json\/wp\/v2\/media?parent=9562"}],"wp:term":[{"taxonomy":"category","embeddable":true,"href":"https:\/\/www.amchambaq.com\/es_co\/wp-json\/wp\/v2\/categories?post=9562"},{"taxonomy":"post_tag","embeddable":true,"href":"https:\/\/www.amchambaq.com\/es_co\/wp-json\/wp\/v2\/tags?post=9562"}],"curies":[{"name":"wp","href":"https:\/\/api.w.org\/{rel}","templated":true}]}}