{"id":9539,"date":"2022-05-25T11:10:40","date_gmt":"2022-05-25T16:10:40","guid":{"rendered":"https:\/\/www.amchambaq.com\/?p=9539"},"modified":"2022-05-25T11:10:40","modified_gmt":"2022-05-25T16:10:40","slug":"carolina-camacho-llega-a-la-firma-garrigues-como-socia-para-liderar-la-practica-de-laboral","status":"publish","type":"post","link":"https:\/\/www.amchambaq.com\/es_co\/carolina-camacho-llega-a-la-firma-garrigues-como-socia-para-liderar-la-practica-de-laboral\/","title":{"rendered":"Carolina Camacho llega a la firma Garrigues como socia para liderar la pr\u00e1ctica de Laboral"},"content":{"rendered":"<p><u>Como hab\u00eda anunciado hace unos d\u00edas Jaime Iglesias<\/u>, socio responsable de la oficina de Bogot\u00e1 de Garrigues, Carolina Camacho asume como socia de la pr\u00e1ctica de Derecho Laboral en la firma, tras su salida de Posse Herrera Ruiz, donde fue remplazada por Vicente Uma\u00f1a.<\/p>\n<p>La abogada, con m\u00e1s de dos d\u00e9cadas de trayectoria profesional, se ha especializado en las asesor\u00edas laborales derivadas de procesos de liquidaci\u00f3n, reestructuraci\u00f3n empresarial, fusiones y adquisici\u00f3n de sociedades, auditor\u00edas laborales, temas colectivos, tr\u00e1mites migratorios, contribuciones al sistema de seguridad social.<\/p>\n<p>\u201cEs un honor y un orgullo incorporarme a una firma tan prestigiosa como Garrigues, que lleva consigo esa fortaleza institucional y global, capacidades transversales y experiencia, acervo y reputaci\u00f3n en la prestaci\u00f3n de servicios jur\u00eddicos\u201d, dijo la\u00a0<u>nueva<\/u>\u00a0socia.<\/p>\n<p>Por su parte Javier Yba\u00f1ez, senior partner y coordinador de la pr\u00e1ctica latinoamericana, agreg\u00f3 que \u201cincorporar un perfil como el de Carolina es clave en nuestra estrategia de consolidar la pr\u00e1ctica laboral de Garrigues como un referente en la regi\u00f3n y una nueva muestra de nuestro compromiso y vocaci\u00f3n de liderazgo en Colombia y Latinoam\u00e9rica\u201d.<\/p>\n<p>Tomado de: ASUNTOS LEGALES<\/p>\n","protected":false},"excerpt":{"rendered":"<p>Como hab\u00eda anunciado hace unos d\u00edas Jaime Iglesias, socio responsable de la oficina de Bogot\u00e1 de Garrigues, Carolina Camacho asume como socia de la pr\u00e1ctica de Derecho Laboral en la firma, tras su salida de Posse Herrera Ruiz, donde fue remplazada por Vicente Uma\u00f1a. La abogada, con m\u00e1s de dos d\u00e9cadas de trayectoria profesional, se<\/p>\n","protected":false},"author":1,"featured_media":9540,"comment_status":"closed","ping_status":"closed","sticky":false,"template":"","format":"standard","meta":{"footnotes":""},"categories":[181],"tags":[],"class_list":["post-9539","post","type-post","status-publish","format-standard","has-post-thumbnail","hentry","category-noticias"],"views":102,"_links":{"self":[{"href":"https:\/\/www.amchambaq.com\/es_co\/wp-json\/wp\/v2\/posts\/9539","targetHints":{"allow":["GET"]}}],"collection":[{"href":"https:\/\/www.amchambaq.com\/es_co\/wp-json\/wp\/v2\/posts"}],"about":[{"href":"https:\/\/www.amchambaq.com\/es_co\/wp-json\/wp\/v2\/types\/post"}],"author":[{"embeddable":true,"href":"https:\/\/www.amchambaq.com\/es_co\/wp-json\/wp\/v2\/users\/1"}],"replies":[{"embeddable":true,"href":"https:\/\/www.amchambaq.com\/es_co\/wp-json\/wp\/v2\/comments?post=9539"}],"version-history":[{"count":1,"href":"https:\/\/www.amchambaq.com\/es_co\/wp-json\/wp\/v2\/posts\/9539\/revisions"}],"predecessor-version":[{"id":9541,"href":"https:\/\/www.amchambaq.com\/es_co\/wp-json\/wp\/v2\/posts\/9539\/revisions\/9541"}],"wp:featuredmedia":[{"embeddable":true,"href":"https:\/\/www.amchambaq.com\/es_co\/wp-json\/wp\/v2\/media\/9540"}],"wp:attachment":[{"href":"https:\/\/www.amchambaq.com\/es_co\/wp-json\/wp\/v2\/media?parent=9539"}],"wp:term":[{"taxonomy":"category","embeddable":true,"href":"https:\/\/www.amchambaq.com\/es_co\/wp-json\/wp\/v2\/categories?post=9539"},{"taxonomy":"post_tag","embeddable":true,"href":"https:\/\/www.amchambaq.com\/es_co\/wp-json\/wp\/v2\/tags?post=9539"}],"curies":[{"name":"wp","href":"https:\/\/api.w.org\/{rel}","templated":true}]}}