{"id":9474,"date":"2022-05-04T08:30:45","date_gmt":"2022-05-04T13:30:45","guid":{"rendered":"https:\/\/www.amchambaq.com\/?p=9474"},"modified":"2022-05-04T08:30:45","modified_gmt":"2022-05-04T13:30:45","slug":"arroz-colombiano-sera-exportado-por-primera-vez-a-estados-unidos","status":"publish","type":"post","link":"https:\/\/www.amchambaq.com\/es_co\/arroz-colombiano-sera-exportado-por-primera-vez-a-estados-unidos\/","title":{"rendered":"Arroz colombiano ser\u00e1 exportado, por primera vez, a Estados Unidos"},"content":{"rendered":"<p>Tras dos a\u00f1os intensos de negociaciones, Colombia empezar\u00e1 a<b>\u00a0exportar arroz a Estados Unidos.<\/b>\u00a0Para esta primera ocasi\u00f3n, ser\u00e1n enviados cuatro contenedores. Es decir, alrededor de 100 toneladas que comercializar\u00e1 la empresa\u00a0Thomas &amp; Toledo LLC.<\/p>\n<p>Este acuerdo es producto del trabajo entre la Federaci\u00f3n Nacional de Arroceros (Fedearroz) y la Asociaci\u00f3n de C\u00e1maras de Comercio Latinas en Estados Unidos.<\/p>\n<p>\u201c<i>Lograr esto ha sido una lucha. Esto es solo el principio. Hemos logrado una competitividad que nos permite llegar a este tipo de mercados<\/i>\u00a0\u201d, asegur\u00f3 Rafael Hern\u00e1ndez, gerente de Fedearroz, en el marco de la Socializaci\u00f3n del Plan de Exportaci\u00f3n de Arroz a Estados Unidos.<\/p>\n<p id=\"p564910-m773-4-774\" class=\"parrafo\">El funcionario tambi\u00e9n destac\u00f3 que los contenedores que ser\u00e1n enviados, fueron\u00a0<b>cultivados por mujeres en Colombia<\/b>.\u00a0\u201cEste a\u00f1o podemos ver con gran satisfacci\u00f3n que a partir de las mujeres rurales podemos tener exportaciones de arroz. Este es un peque\u00f1o contingente, pero seguramente esto va a seguir creciendo porque el arroz colombiano es de calidad. Incluso podemos trabajar en la denominaci\u00f3n de origen con ejemplos como el de Tolima\u201d, dijo el ministro de la cartera agropecuaria, Rodolfo Zea Navarro, quien agreg\u00f3 que la exportaci\u00f3n tambi\u00e9n puede ayudar a regular los precios del cereal en Colombia.<\/p>\n<p id=\"p564910-m779-5-780\" class=\"parrafo\"><b>NUESTRO ARROZ EN CUBA\u00a0<\/b><\/p>\n<p>El mercado se ha ido ampliando con los a\u00f1os. Actualmente, la producci\u00f3n nacional de arroz se destina, casi que en su totalidad, al\u00a0<b>mercado dom\u00e9stico.\u00a0<\/b>Esto ha generado periodos de sobreoferta y cambios del precio del paddy a la baja. Lo que ha afectado negativamente al agricultor.<\/p>\n<p id=\"p564910-m785-6-786\" class=\"parrafo\">Entre 2018 y 2019 se realizaron diferentes pilotos de exportaci\u00f3n a pa\u00edses como Canad\u00e1. Finalmente, el a\u00f1o pasado, Fedearroz realiz\u00f3 la primera exportaci\u00f3n de arroz colombiano a cuba, alrededor de\u00a0<b>300 toneladas<\/b> llegaron a dicho pa\u00eds.<\/p>\n<p id=\"p564910-m791-7-792\" class=\"parrafo\">Con el fin de mejorar la competitividad e ingresos de los productores, el ministro Zea se\u00f1al\u00f3 que el a\u00f1o pasado se invirtieron\u00a0<b>m\u00e1s de 60.000 millones de pesos\u00a0<\/b>en apoyos para el subsector productivo del arroz.<\/p>\n<p>Tomado de: PORTAFOLIO<\/p>\n","protected":false},"excerpt":{"rendered":"<p>Tras dos a\u00f1os intensos de negociaciones, Colombia empezar\u00e1 a\u00a0exportar arroz a Estados Unidos.\u00a0Para esta primera ocasi\u00f3n, ser\u00e1n enviados cuatro contenedores. Es decir, alrededor de 100 toneladas que comercializar\u00e1 la empresa\u00a0Thomas &amp; Toledo LLC. Este acuerdo es producto del trabajo entre la Federaci\u00f3n Nacional de Arroceros (Fedearroz) y la Asociaci\u00f3n de C\u00e1maras de Comercio Latinas en<\/p>\n","protected":false},"author":1,"featured_media":9475,"comment_status":"closed","ping_status":"closed","sticky":false,"template":"","format":"standard","meta":{"footnotes":""},"categories":[181],"tags":[],"class_list":["post-9474","post","type-post","status-publish","format-standard","has-post-thumbnail","hentry","category-noticias"],"views":78,"_links":{"self":[{"href":"https:\/\/www.amchambaq.com\/es_co\/wp-json\/wp\/v2\/posts\/9474","targetHints":{"allow":["GET"]}}],"collection":[{"href":"https:\/\/www.amchambaq.com\/es_co\/wp-json\/wp\/v2\/posts"}],"about":[{"href":"https:\/\/www.amchambaq.com\/es_co\/wp-json\/wp\/v2\/types\/post"}],"author":[{"embeddable":true,"href":"https:\/\/www.amchambaq.com\/es_co\/wp-json\/wp\/v2\/users\/1"}],"replies":[{"embeddable":true,"href":"https:\/\/www.amchambaq.com\/es_co\/wp-json\/wp\/v2\/comments?post=9474"}],"version-history":[{"count":1,"href":"https:\/\/www.amchambaq.com\/es_co\/wp-json\/wp\/v2\/posts\/9474\/revisions"}],"predecessor-version":[{"id":9476,"href":"https:\/\/www.amchambaq.com\/es_co\/wp-json\/wp\/v2\/posts\/9474\/revisions\/9476"}],"wp:featuredmedia":[{"embeddable":true,"href":"https:\/\/www.amchambaq.com\/es_co\/wp-json\/wp\/v2\/media\/9475"}],"wp:attachment":[{"href":"https:\/\/www.amchambaq.com\/es_co\/wp-json\/wp\/v2\/media?parent=9474"}],"wp:term":[{"taxonomy":"category","embeddable":true,"href":"https:\/\/www.amchambaq.com\/es_co\/wp-json\/wp\/v2\/categories?post=9474"},{"taxonomy":"post_tag","embeddable":true,"href":"https:\/\/www.amchambaq.com\/es_co\/wp-json\/wp\/v2\/tags?post=9474"}],"curies":[{"name":"wp","href":"https:\/\/api.w.org\/{rel}","templated":true}]}}