{"id":9438,"date":"2022-04-22T15:09:25","date_gmt":"2022-04-22T20:09:25","guid":{"rendered":"https:\/\/www.amchambaq.com\/?p=9438"},"modified":"2022-04-22T15:09:25","modified_gmt":"2022-04-22T20:09:25","slug":"tlc-con-ee-uu-suma-us127-mil-millones-en-diez-anos","status":"publish","type":"post","link":"https:\/\/www.amchambaq.com\/es_co\/tlc-con-ee-uu-suma-us127-mil-millones-en-diez-anos\/","title":{"rendered":"TLC con EE.UU. suma US$127 mil millones en diez a\u00f1os"},"content":{"rendered":"<p>El <b>tratado de Libre Comercio (TLC) entre Colombia y los Estados Unidos<\/b>\u00a0cumple en 2022 su d\u00e9cimo aniversario en medio de un contexto global que puede darle un impulso para la \u201cnueva etapa\u201d en la que entran las relaciones bilaterales.<\/p>\n<p>De acuerdo con cifras del Departamento Administrativo Nacional de Estad\u00edstica (Dane) y presentadas por la C\u00e1mara de Comercio Colomboamericana (Amcham Colombia), desde 2012 hasta el 2021 el comercio bilateral, en el marco del TLC, ha alcanzado los\u00a0<b>US$127.183 millones<\/b>, donde las exportaciones minero-energ\u00e9ticas han llegado a los US$74.266 millones, es decir, el 58,4% del total. Mientras, las ventas externas de los no mineros, fueron por US$52.917 millones, lo que equivale al 41,6% de la participaci\u00f3n.<\/p>\n<p>En cuanto a los productos que m\u00e1s se han comercializado, los datos de la c\u00e1mara comercial muestran punteros a los minero-energ\u00e9ticos aunque se han ido reduciendo.<\/p>\n<p>Ahora bien, en cuanto a la otra categor\u00eda, entre los a\u00f1os 2012 y 2021 la venta externa de flores ha crecido 40,4% hasta los<b>\u00a0US$10.960.856 millones<\/b>; el caf\u00e9 y sus derivados en 63,2% hasta los US$10.517.266 millones y las confecciones han hecho lo propio en 31,2% hasta alcanzar los US$2.510.986.<\/p>\n<p>En este lapso solo destacan las frutas como la \u00fanica categor\u00eda que ha decrecido, en concreto, en 11,9% y sumando un total de US$1.943.796 millones.<\/p>\n<p><b>Hacia un repotenciamiento<\/b><\/p>\n<p>En di\u00e1logo con Portafolio, Mar\u00eda Claudia Lacouture, directora de Amcham Colombia, manifest\u00f3 que la conversaci\u00f3n deber\u00eda estar enfocada en \u201cc\u00f3mo aprovechar\u201d los t\u00e9rminos del acuerdo comercial para repotenciar a\u00fan m\u00e1s la relaci\u00f3n comercial entre ambos estados aliados.<\/p>\n<p>Para ello, mencion\u00f3 que hay oportunidades en m\u00e1s\u00a0<b>alianzas p\u00fablico-privadas,<\/b>\u00a0productividad y competitividad, acceso fitosanitario y relocalizaci\u00f3n de empresas (nearshoring).<\/p>\n<p>Esa visi\u00f3n fue la que se plasm\u00f3 en el primer d\u00eda de la Cumbre Bicentenario, un evento que realiza la entidad empresarial para hacer una radiograf\u00eda sobre la actualidad de la relaci\u00f3n bilateral y c\u00f3mo puede repotenciarse.<\/p>\n<p>Sobre el caso del nearshoring, que ha circulado en la opini\u00f3n p\u00fablica con mayor frecuencia en, al menos los dos \u00faltimos a\u00f1os, Juan Gonz\u00e1lez, director de Asuntos del Hemisferio Occidental del Consejo de Seguridad Nacional de la Casa Blanca, asegur\u00f3 que la regi\u00f3n \u201cdebe unir esfuerzos\u201d para aprovechar el momento y \u201ctrabajar\u201d hacia una\u00a0<b>integraci\u00f3n econ\u00f3mica plena<\/b>, lo cual \u201cha sido una de las debilidades hist\u00f3ricas de la regi\u00f3n\u201d.<\/p>\n<p><b>Una nueva etapa en las relaciones<\/b><\/p>\n<p>Otro de los puntos que se trataron durante el conversatorio fue el futuro de las relaciones binacionales entre Colombia y Estados Unidos y c\u00f3mo pueden repotenciarse.<br \/>\nLos asistentes al evento coincidieron en que ya las relaciones est\u00e1n en una nueva etapa luego de que\u00a0<b>Joe Biden\u00a0<\/b>confirmara a Colombia como \u201caliado estrat\u00e9gico no Ot\u00e1n\u201d, lo que significa que el pa\u00eds tiene un estatus privilegiado dentro del selecto grupo de socios que no pertenecen al Tratado Atl\u00e1ntico.<\/p>\n<p>\u201c<i>Tenemos tanto en com\u00fan que nos necesitamos tanto (&#8230;) Colombia es un pa\u00eds aliado y dispuesto y por eso tenemos esta agenda conjunta por la regi\u00f3n: migraci\u00f3n, agenda clim\u00e1tica, entre otros<\/i>\u201d, dijo a su turno el embajador de Estados Unidos en Colombia, Phillip Goldberg.<\/p>\n<p>Una de esas oportunidades es el proyecto de Ley de Alianza Estrat\u00e9gica Estados Unidos-Colombia 2022, presentado al Comit\u00e9 de Asuntos Exteriores del Senado estadounidense por su presidente el senador Robert Men\u00e9ndez y su colega Tim Kaine.<\/p>\n<p>Adem\u00e1s, existe la iniciativa \u2018Build Back Better World\u2019 (B3W) liderada por el presidente Joe Biden como un mecanismo para invertir en el mundo m\u00e1s de US$40 trillones en proyectos con apoyo al sector privado y enfocado en \u00e1reas como el cambio clim\u00e1tico, salud, tecnolog\u00eda digital, equidad de g\u00e9nero, entre otros; seg\u00fan indicaron los asistentes.<\/p>\n<p>Tomado de: PORTAFOLIO<\/p>\n","protected":false},"excerpt":{"rendered":"<p>El tratado de Libre Comercio (TLC) entre Colombia y los Estados Unidos\u00a0cumple en 2022 su d\u00e9cimo aniversario en medio de un contexto global que puede darle un impulso para la \u201cnueva etapa\u201d en la que entran las relaciones bilaterales. De acuerdo con cifras del Departamento Administrativo Nacional de Estad\u00edstica (Dane) y presentadas por la C\u00e1mara<\/p>\n","protected":false},"author":1,"featured_media":9439,"comment_status":"closed","ping_status":"closed","sticky":false,"template":"","format":"standard","meta":{"footnotes":""},"categories":[181],"tags":[],"class_list":["post-9438","post","type-post","status-publish","format-standard","has-post-thumbnail","hentry","category-noticias"],"views":124,"_links":{"self":[{"href":"https:\/\/www.amchambaq.com\/es_co\/wp-json\/wp\/v2\/posts\/9438","targetHints":{"allow":["GET"]}}],"collection":[{"href":"https:\/\/www.amchambaq.com\/es_co\/wp-json\/wp\/v2\/posts"}],"about":[{"href":"https:\/\/www.amchambaq.com\/es_co\/wp-json\/wp\/v2\/types\/post"}],"author":[{"embeddable":true,"href":"https:\/\/www.amchambaq.com\/es_co\/wp-json\/wp\/v2\/users\/1"}],"replies":[{"embeddable":true,"href":"https:\/\/www.amchambaq.com\/es_co\/wp-json\/wp\/v2\/comments?post=9438"}],"version-history":[{"count":1,"href":"https:\/\/www.amchambaq.com\/es_co\/wp-json\/wp\/v2\/posts\/9438\/revisions"}],"predecessor-version":[{"id":9440,"href":"https:\/\/www.amchambaq.com\/es_co\/wp-json\/wp\/v2\/posts\/9438\/revisions\/9440"}],"wp:featuredmedia":[{"embeddable":true,"href":"https:\/\/www.amchambaq.com\/es_co\/wp-json\/wp\/v2\/media\/9439"}],"wp:attachment":[{"href":"https:\/\/www.amchambaq.com\/es_co\/wp-json\/wp\/v2\/media?parent=9438"}],"wp:term":[{"taxonomy":"category","embeddable":true,"href":"https:\/\/www.amchambaq.com\/es_co\/wp-json\/wp\/v2\/categories?post=9438"},{"taxonomy":"post_tag","embeddable":true,"href":"https:\/\/www.amchambaq.com\/es_co\/wp-json\/wp\/v2\/tags?post=9438"}],"curies":[{"name":"wp","href":"https:\/\/api.w.org\/{rel}","templated":true}]}}