{"id":9422,"date":"2022-04-20T08:55:57","date_gmt":"2022-04-20T13:55:57","guid":{"rendered":"https:\/\/www.amchambaq.com\/?p=9422"},"modified":"2022-04-20T08:55:57","modified_gmt":"2022-04-20T13:55:57","slug":"mas-del-70-de-egresados-de-ingles-para-el-trabajo-consigue-empleo-formal","status":"publish","type":"post","link":"https:\/\/www.amchambaq.com\/es_co\/mas-del-70-de-egresados-de-ingles-para-el-trabajo-consigue-empleo-formal\/","title":{"rendered":"M\u00e1s del 70 % de egresados de \u2018Ingl\u00e9s para el trabajo\u2019 consigue empleo formal"},"content":{"rendered":"<p>Barranquilla contin\u00faa su apuesta por generar\u00a0<strong>empleo<\/strong>\u00a0y fortalecer los procesos de biling\u00fcismo a trav\u00e9s de programas como<strong>\u00a0\u2018Ingl\u00e9s para el Trabajo\u2019<\/strong>, el cual desde octubre de 2021 inici\u00f3 su ejecuci\u00f3n y, desde esa fecha, ya ha formado a 300 personas.<\/p>\n<p>Este martes se llev\u00f3 a cabo la firma del convenio entre el\u00a0<strong>Distrito, la fundaci\u00f3n Promigas y Majorel<\/strong>, una empresa del sector BPO que vincul\u00f3 a 27 egresados del programa y busca seguir generando empleo para barranquilleros.<\/p>\n<p>Con \u2018Ingl\u00e9s para el Trabajo\u2019 se ha logrado generar empleo para 187 personas en los<strong>\u00a0BPO<\/strong>\u00a0que se encuentran operando en la ciudad, seg\u00fan registros de la Alcald\u00eda.<\/p>\n<div class=\"field-item odd\">\n<div class=\"entity entity-paragraphs-item paragraphs-item-descripcion\">\n<div class=\"content\">\n<div class=\"field field-name-field-descripcion field-type-text-long field-label-hidden\">\n<div class=\"field-items\">\n<div class=\"field-item even\">\n<p>\u201cEstamos muy contentos porque una apuesta que inici\u00f3 hace menos de un a\u00f1o da frutos. El 70 % de los j\u00f3venes que hemos graduado ya se encuentran trabajando en la industria del servicio biling\u00fce. Estas son empresas multinacionales que ofrecen capacidades de crecimiento, aprendizaje y carreras donde se gana m\u00e1s que en industrias comparables\u201d, manifest\u00f3 el\u00a0<strong>alcalde Jaime Pumarejo Heins<\/strong>.<\/p>\n<p>El mandatario a\u00f1adi\u00f3 que para la vigencia de 2022 y 2023 se espera graduar a 8 mil j\u00f3venes de este programa biling\u00fce.<\/p>\n<p>\u201cSeguimos trabajando por el desarrollo de la ciudad, por eso llevaremos un proyecto al Concejo que garantizar\u00e1 el biling\u00fcismo en todos los colegios p\u00fablicos en conjunto con el gobierno de<strong>\u00a0Reino Unido\u00a0<\/strong>durante los pr\u00f3ximos ocho a\u00f1os\u201d, anot\u00f3.<\/p>\n<p>Por su parte, el\u00a0<strong>secretario de Desarrollo Econ\u00f3mico<\/strong>, Ricardo Plata, resalt\u00f3 que \u201ceste es uno de los programas de empleabilidad m\u00e1s importantes que tiene la ciudad, porque es un sector que est\u00e1 creciendo de forma r\u00e1pida y busca talento humano biling\u00fce, joven y con voluntad de vincularse a un proceso de formaci\u00f3n profesional y personal\u201d.<\/p>\n<\/div>\n<\/div>\n<\/div>\n<\/div>\n<\/div>\n<\/div>\n<div class=\"field-item even\">\n<div id=\"relacionado-body\">\n<div class=\"box-title\">\n<p>Diana Fino es una madre cabeza de hogar de 40 a\u00f1os y desde hace nueve reside en la ciudad. Inicialmente se desempe\u00f1\u00f3 como auxiliar de enfermer\u00eda, pero desde hace cuatro meses se vincul\u00f3 a la\u00a0<strong>empresa Majorel<\/strong>\u00a0como asesora tras haber culminado su proceso de formaci\u00f3n en el programa de biling\u00fcismo.<\/p>\n<p>\u201cEsta fue una oportunidad que cambi\u00f3 mi vida porque ahora gano m\u00e1s dinero, trabajo desde casa y puedo pasar tiempo con mi hija. Para poder graduarse de esto se necesita compromiso, disposici\u00f3n y amor por lo que se hace para poder desarrollarlo de la mejor manera y salir adelante\u201d, afirm\u00f3.<\/p>\n<p>El director de\u00a0<strong>Operaciones para Am\u00e9rica Latina\u00a0<\/strong>de la empresa Majorel, Jaime Gal\u00e1z, afirm\u00f3 que \u201ctenemos un\u00a0<strong>BPO<\/strong>\u00a0con oficinas de excelencia, con comodidades que le permita a los trabajadores tener un ambiente \u00f3ptimo. Estamos abriendo puestos de trabajo para un personal que va a desarrollar tareas de servicio social.<\/p>\n<p>Actualmente la compa\u00f1\u00eda cuenta con espacio f\u00edsico para vincular a 700 personas, pero se encuentran adecuando nuevas oficinas con el fin de llegar a los 2 mil trabajadores.<\/p>\n<div class=\"field-item even\">\n<div class=\"content-titulo\">\n<div class=\"titulo\">Alianza con Amazon<\/div>\n<\/div>\n<\/div>\n<div class=\"field-item odd\">\n<div class=\"entity entity-paragraphs-item paragraphs-item-descripcion\">\n<div class=\"content\">\n<div class=\"field field-name-field-descripcion field-type-text-long field-label-hidden\">\n<div class=\"field-items\">\n<div class=\"field-item even\">\n<p>El Distrito anunci\u00f3 la firma de un convenio con\u00a0<strong>Amazon.com,\u00a0<\/strong>el \u201cgigante\u201d multinacional de servicios y compras electr\u00f3nicas.<\/p>\n<p>Este acuerdo busca impulsar la vinculaci\u00f3n laboral de los j\u00f3venes en los<strong>\u00a0400 nuevos puestos de trabajo<\/strong>\u00a0a nivel nacional, incluyendo tambi\u00e9n a Santander, Caldas, Quind\u00edo y Risaralda.<\/p>\n<p>En ese sentido, Amazon contratar\u00e1 personal para brindar servicio en espa\u00f1ol. A estos nuevos vinculados se les brindar\u00e1 un curso intensivo de \u2018Ingl\u00e9s para el Trabajo\u2019 y elevar su dominio del idioma para, posteriormente, ofrecerles una oportunidad laboral biling\u00fce.<\/p>\n<p>Tomado de: EL HERALDO<\/p>\n<\/div>\n<\/div>\n<\/div>\n<\/div>\n<\/div>\n<\/div>\n<\/div>\n<\/div>\n<\/div>\n","protected":false},"excerpt":{"rendered":"<p>Barranquilla contin\u00faa su apuesta por generar\u00a0empleo\u00a0y fortalecer los procesos de biling\u00fcismo a trav\u00e9s de programas como\u00a0\u2018Ingl\u00e9s para el Trabajo\u2019, el cual desde octubre de 2021 inici\u00f3 su ejecuci\u00f3n y, desde esa fecha, ya ha formado a 300 personas. Este martes se llev\u00f3 a cabo la firma del convenio entre el\u00a0Distrito, la fundaci\u00f3n Promigas y Majorel,<\/p>\n","protected":false},"author":1,"featured_media":9423,"comment_status":"closed","ping_status":"closed","sticky":false,"template":"","format":"standard","meta":{"footnotes":""},"categories":[181],"tags":[],"class_list":["post-9422","post","type-post","status-publish","format-standard","has-post-thumbnail","hentry","category-noticias"],"views":95,"_links":{"self":[{"href":"https:\/\/www.amchambaq.com\/es_co\/wp-json\/wp\/v2\/posts\/9422","targetHints":{"allow":["GET"]}}],"collection":[{"href":"https:\/\/www.amchambaq.com\/es_co\/wp-json\/wp\/v2\/posts"}],"about":[{"href":"https:\/\/www.amchambaq.com\/es_co\/wp-json\/wp\/v2\/types\/post"}],"author":[{"embeddable":true,"href":"https:\/\/www.amchambaq.com\/es_co\/wp-json\/wp\/v2\/users\/1"}],"replies":[{"embeddable":true,"href":"https:\/\/www.amchambaq.com\/es_co\/wp-json\/wp\/v2\/comments?post=9422"}],"version-history":[{"count":1,"href":"https:\/\/www.amchambaq.com\/es_co\/wp-json\/wp\/v2\/posts\/9422\/revisions"}],"predecessor-version":[{"id":9424,"href":"https:\/\/www.amchambaq.com\/es_co\/wp-json\/wp\/v2\/posts\/9422\/revisions\/9424"}],"wp:featuredmedia":[{"embeddable":true,"href":"https:\/\/www.amchambaq.com\/es_co\/wp-json\/wp\/v2\/media\/9423"}],"wp:attachment":[{"href":"https:\/\/www.amchambaq.com\/es_co\/wp-json\/wp\/v2\/media?parent=9422"}],"wp:term":[{"taxonomy":"category","embeddable":true,"href":"https:\/\/www.amchambaq.com\/es_co\/wp-json\/wp\/v2\/categories?post=9422"},{"taxonomy":"post_tag","embeddable":true,"href":"https:\/\/www.amchambaq.com\/es_co\/wp-json\/wp\/v2\/tags?post=9422"}],"curies":[{"name":"wp","href":"https:\/\/api.w.org\/{rel}","templated":true}]}}