{"id":9405,"date":"2022-04-18T10:28:55","date_gmt":"2022-04-18T15:28:55","guid":{"rendered":"https:\/\/www.amchambaq.com\/?p=9405"},"modified":"2022-04-18T10:28:55","modified_gmt":"2022-04-18T15:28:55","slug":"amcham-colombia-propondra-nuevos-enfoques-para-aprovechar-mayor-potencial-con-estados-enidos-durante-cumbre-bicentenario-colombia-ee-uu","status":"publish","type":"post","link":"https:\/\/www.amchambaq.com\/es_co\/amcham-colombia-propondra-nuevos-enfoques-para-aprovechar-mayor-potencial-con-estados-enidos-durante-cumbre-bicentenario-colombia-ee-uu\/","title":{"rendered":"Amcham Colombia propondr\u00e1 nuevos enfoques para aprovechar mayor potencial con Estados Enidos durante Cumbre Bicentenario Colombia-EE.UU."},"content":{"rendered":"<p>El director de asuntos del Hemisferio Occidental en el Consejo de Seguridad Nacional de Estados Unidos, Juan Gonz\u00e1lez, dar\u00e1 apertura este mi\u00e9rcoles 20 de abril a la Cumbre Bicentenario Colombia-Estados Unidos organizada por la C\u00e1mara de Comercio Colombo Americana, AmCham Colombia, para conmemorar los 200 a\u00f1os de relaci\u00f3n bilateral y los 10 a\u00f1os de entrada en vigencia del Tratado de Libre Comercio entre los dos pa\u00edses.<\/p>\n<p>De acuerdo con Mar\u00eda Claudia Lacouture, directora de AmCham Colombia, la Cumbre Bicentenario ser\u00e1 el espacio tanto para reconocer la alianza hist\u00f3rica que ha unido a los dos pa\u00edses en materia de cooperaci\u00f3n, seguridad, lucha contra el narcotr\u00e1fico y comercio, como para mirar hacia la pr\u00f3xima d\u00e9cada en el aprovechamiento de las oportunidades y teniendo en cuenta el entorno global con los efectos pospandemia, la crisis de contenedores y los nuevos desaf\u00edos alrededor del conflicto Rusia-Ucrania.<\/p>\n<p>\u201cTeniendo en cuenta el contexto de la geopol\u00edtica internacional, la crisis de log\u00edstica y la reubicaci\u00f3n de procesos productivos, que se viene dando desde hace a\u00f1os; la iniciativa Build Back Better World y el proyecto de Ley de Alianza Estrat\u00e9gica Estados Unidos \u2013 Colombia que se tramita en el Senado de EE.UU.,\u00a0 Colombia est\u00e1 obligado a ser el pa\u00eds de Am\u00e9rica Latina que debe tener acciones m\u00e1s contundentes para lograr una mayor oportunidad con Estados Unidos y para la integraci\u00f3n regional\u201d, dijo Lacouture.<\/p>\n<p>Agreg\u00f3 que estamos en un momento propicio fortalecer los v\u00ednculos pol\u00edticos que facilitar\u00e1n e impulsar\u00e1n la relaci\u00f3n comercial que ya cuenta con un tratado de libre comercio que facilita los negocios.<\/p>\n<p>\u201cEn la Cumbre Bicentenario de AmCham Colombia presentaremos un estudio con la propuesta de hoja de ruta que deber\u00eda tener la relaci\u00f3n binacional para los pr\u00f3ximos a\u00f1os\u201d, detall\u00f3 Lacouture.<\/p>\n<p>Agreg\u00f3 que \u201cColombia y Estados Unidos mantienen una de las alianzas m\u00e1s s\u00f3lidas en la regi\u00f3n, que ha tenido altos y bajos pero que siempre se ha caracterizado por la cooperaci\u00f3n y trabajo conjunto por el fortalecimiento de la seguridad, el estado de derecho, la consolidaci\u00f3n de la justicia, la cooperaci\u00f3n y el intercambio comercial\u201d.<\/p>\n<p><strong>Ejes tem\u00e1ticos de la cumbre<\/strong><\/p>\n<p>La Cumbre Bicentenario de AmCham Colombia estar\u00e1 enfocada en seis ejes tem\u00e1ticos: negocios, cultura y deporte; transformaci\u00f3n digital y tecnolog\u00edas disruptivas; turismo; formaci\u00f3n y capacitaci\u00f3n; sostenibilidad y cambio clim\u00e1tico; y conocimiento e inspiraci\u00f3n.<\/p>\n<p>Algunos de los temas que se tratar\u00e1n, en el marco de la Cumbre, son las relaciones bilaterales en prospectiva, c\u00f3mo aprovechar m\u00e1s el TLC en la pr\u00f3xima d\u00e9cada; el potencial de la industria tur\u00edstica en ambos pa\u00edses; la quinta revoluci\u00f3n industrial; evoluci\u00f3n de productos, mentalidad del consumidor y su relaci\u00f3n con el medio ambiente; log\u00edstica, comunicaciones y desarrollo de los puertos; digital manufacturing, entre otras tem\u00e1ticas.<\/p>\n<p>Entre los l\u00edderes empresariales que participar\u00e1n en el evento se encuentran Giovanni Stella, Country Manager de Google; Frederick W. Smith, CEO de FedEx Corporation; Yeimy Baez, vicepresidenta de Gas de Ecopetrol; Paula Cort\u00e9s, presidenta de Anato; Javier D\u00edaz, presidente de Analdex; M\u00f3nica Fl\u00f3res CEO de Manpower Group para Am\u00e9rica Latina; Luis Felipe Carrillo, presidente de General Electric \u2013 CALA y Ned Cabot, Director Country Digitization en Am\u00e9ricas de CISCO.<\/p>\n<p>El presidente de la Rep\u00fablica, Iv\u00e1n Duque, encabezar\u00e1 el grupo de representantes del Gobierno colombiano junto con el Embajador de Colombia en Estados Unidos, Juan Carlos Pinz\u00f3n; la ministra de Comercio, Industria y Turismo, Mar\u00eda Ximena Lombana; la ministra TIC, Carmen Ligia Valderrama y el ministro de Trabajo, \u00c1ngel Custodio Cabrera; entre otros funcionarios.<\/p>\n<p>En cuanto a los invitados estadounidenses se encuentran Juan Gonz\u00e1lez, director de Asuntos del Hemisferio Occidental del Consejo de Seguridad Nacional de la Casa Blanca; el embajador de Estados Unidos en Colombia, Philip Goldberg; Marisa Lago, directora de Comercio Internacional del Departamento de Comercio y Mark Wells, subsecretario de Estado asistente para el Hemisferio Occidental en el Departamento de Estado.<\/p>\n<p>La Cumbre tambi\u00e9n contar\u00e1 con la participaci\u00f3n de otros expertos locales e internacionales como el economista e investigador asociado de Fedesarrollo, Mauricio Reina y Sergio D\u00edaz-Granados, presidente de la CAF.<\/p>\n<p>Adem\u00e1s, como parte del evento se desarrollar\u00e1 un conversatorio entre congresistas colombianos acerca de la perspectiva de la relaci\u00f3n con Estados Unidos en el que participar\u00e1n Humberto de La Calle, David Luna, Roy Barreras, Efra\u00edn Cepeda, Alejandro Chac\u00f3n y Ang\u00e9lica Lozano<\/p>\n<p>La Cumbre Bicentenario de AmCham Colombia cuenta con el respaldo de Cisco, Coca Cola, Congrupo, Ecopetrol, Fedex Express, Manpower y Rockwell.<\/p>\n<p>Para inscribirse a la Cumbre Bicentenario de AmCham Colombia ingrese aqu\u00ed:\u00a0<a href=\"https:\/\/amchamcolombia.co\/es\/eventos-amcham\/cumbre-bicentenario-colombia-estados-unidos\/\">https:\/\/amchamcolombia.co\/es\/eventos-amcham\/cumbre-bicentenario-colombia-estados-unidos\/<\/a><\/p>\n<p>Tomado de: AMCHAM COLOMBIA<\/p>\n","protected":false},"excerpt":{"rendered":"<p>El director de asuntos del Hemisferio Occidental en el Consejo de Seguridad Nacional de Estados Unidos, Juan Gonz\u00e1lez, dar\u00e1 apertura este mi\u00e9rcoles 20 de abril a la Cumbre Bicentenario Colombia-Estados Unidos organizada por la C\u00e1mara de Comercio Colombo Americana, AmCham Colombia, para conmemorar los 200 a\u00f1os de relaci\u00f3n bilateral y los 10 a\u00f1os de entrada<\/p>\n","protected":false},"author":1,"featured_media":9406,"comment_status":"closed","ping_status":"closed","sticky":false,"template":"","format":"standard","meta":{"footnotes":""},"categories":[181],"tags":[],"class_list":["post-9405","post","type-post","status-publish","format-standard","has-post-thumbnail","hentry","category-noticias"],"views":95,"_links":{"self":[{"href":"https:\/\/www.amchambaq.com\/es_co\/wp-json\/wp\/v2\/posts\/9405","targetHints":{"allow":["GET"]}}],"collection":[{"href":"https:\/\/www.amchambaq.com\/es_co\/wp-json\/wp\/v2\/posts"}],"about":[{"href":"https:\/\/www.amchambaq.com\/es_co\/wp-json\/wp\/v2\/types\/post"}],"author":[{"embeddable":true,"href":"https:\/\/www.amchambaq.com\/es_co\/wp-json\/wp\/v2\/users\/1"}],"replies":[{"embeddable":true,"href":"https:\/\/www.amchambaq.com\/es_co\/wp-json\/wp\/v2\/comments?post=9405"}],"version-history":[{"count":1,"href":"https:\/\/www.amchambaq.com\/es_co\/wp-json\/wp\/v2\/posts\/9405\/revisions"}],"predecessor-version":[{"id":9407,"href":"https:\/\/www.amchambaq.com\/es_co\/wp-json\/wp\/v2\/posts\/9405\/revisions\/9407"}],"wp:featuredmedia":[{"embeddable":true,"href":"https:\/\/www.amchambaq.com\/es_co\/wp-json\/wp\/v2\/media\/9406"}],"wp:attachment":[{"href":"https:\/\/www.amchambaq.com\/es_co\/wp-json\/wp\/v2\/media?parent=9405"}],"wp:term":[{"taxonomy":"category","embeddable":true,"href":"https:\/\/www.amchambaq.com\/es_co\/wp-json\/wp\/v2\/categories?post=9405"},{"taxonomy":"post_tag","embeddable":true,"href":"https:\/\/www.amchambaq.com\/es_co\/wp-json\/wp\/v2\/tags?post=9405"}],"curies":[{"name":"wp","href":"https:\/\/api.w.org\/{rel}","templated":true}]}}