{"id":9372,"date":"2022-04-11T08:36:16","date_gmt":"2022-04-11T13:36:16","guid":{"rendered":"https:\/\/www.amchambaq.com\/?p=9372"},"modified":"2022-04-11T08:36:16","modified_gmt":"2022-04-11T13:36:16","slug":"la-estrategia-economica-que-duque-presentara-en-su-viaje-a-ee-uu","status":"publish","type":"post","link":"https:\/\/www.amchambaq.com\/es_co\/la-estrategia-economica-que-duque-presentara-en-su-viaje-a-ee-uu\/","title":{"rendered":"La estrategia econ\u00f3mica que Duque presentar\u00e1 en su viaje a EE. UU."},"content":{"rendered":"<p>l presidente de Colombia,\u00a0<b>Iv\u00e1n Duque,\u00a0<\/b>viaj\u00f3 este domingo a Nueva York para hablar por primera vez ante el\u00a0<b>Consejo de Seguridad de Naciones Unidas<\/b>\u00a0sobre la implementaci\u00f3n del acuerdo de paz que firmaron el Gobierno y la extinta guerrilla de las Farc en noviembre de 2016.<\/p>\n<p id=\"p563922-m1198-3-1199\" class=\"parrafo\">En su visita de tres d\u00edas a la ciudad estadounidense, en la que estar\u00e1 acompa\u00f1ado por buena parte de su gabinete, el mandatario presentar\u00e1 el martes al Consejo de Seguridad de la ONU &#8220;<i>un detallado balance de los grandes avances en la implementaci\u00f3n de la pol\u00edtica de la Paz con Legalidad<\/i>&#8220;, seg\u00fan detall\u00f3 la Presidencia.<\/p>\n<p id=\"p563922-m1204-4-1205\" class=\"parrafo\">Justamente ese organismo estableci\u00f3 una<b>\u00a0Misi\u00f3n de Verificaci\u00f3n\u00a0<\/b>cuyo mandato fue prorrogado por el actual Gobierno hasta el pr\u00f3ximo 31 de octubre.<\/p>\n<p id=\"p563922-m1210-5-1211\" class=\"parrafo\">Duque tambi\u00e9n tendr\u00e1 una reuni\u00f3n con el secretario general de Naciones Unidas,\u00a0<b>Ant\u00f3nio Guterres;<\/b>\u00a0otra con el presidente del Consejo de Seguridad, el brit\u00e1nico<b>\u00a0Tariq Mahmood Ahmad, y<\/b>\u00a0una tercera con el director global del Programa de las Naciones Unidas para el Desarrollo (Pnud),\u00a0<b>Achim Steiner.<\/b><\/p>\n<p id=\"p563922-m1222-7-1223\" class=\"parrafo\">En la\u00a0<b>ONU\u00a0<\/b>tambi\u00e9n participar\u00e1 en el foro\u00a0<b>&#8216;Paz con legalidad: la hoja de ruta para la implementaci\u00f3n&#8217;,<\/b>\u00a0as\u00ed como intervendr\u00e1 en una sesi\u00f3n de la Comisi\u00f3n de Consolidaci\u00f3n de la Paz.<\/p>\n<p id=\"p563922-m1228-8-1229\" class=\"parrafo\"><b>AGENDA ACAD\u00c9MICA Y ECON\u00d3MICA<\/b><\/p>\n<p id=\"p563922-m1234-9-1235\" class=\"parrafo\">Aparte de la visita a la sede de la ONU, Duque participar\u00e1 en una conferencia sobre la implementaci\u00f3n del acuerdo de paz en la Universidad de Columbia junto al ex ministro colombiano Jos\u00e9 Antonio Ocampo y a Robert Mauro, miembro del Global Leadership Institute.<\/p>\n<p id=\"p563922-m1240-10-1241\" class=\"parrafo\">El lunes, Duque se reunir\u00e1 tambi\u00e9n con ejecutivos del grupo\u00a0<b>Goldman Sachs<\/b>\u00a0y con\u00a0<b>inversionistas internacionales,<\/b>\u00a0para luego visitar la sede de la Bolsa de Nueva York, donde se entrevistar\u00e1 con los directivos de la entidad. En este organismo presentar\u00e1 la estrategia &#8216;Taxonom\u00eda verde de Colombia: un marco robusto y estandarizado para clasificar las actividades econ\u00f3micas sostenibles y los activos financieros&#8217;.<\/p>\n<p id=\"p563922-m1246-11-1247\" class=\"parrafo\">La agenda del mandatario ese d\u00eda culminar\u00e1 con el cierre de las operaciones del d\u00eda de la Bolsa de Nueva York, en el que har\u00e1 el tradicional\u00a0<b>toque de la campana.<\/b><\/p>\n<p id=\"p563922-m1258-13-1259\" class=\"parrafo\">El martes, el presidente colombiano condecorar\u00e1 con la Orden de Boyac\u00e1, en el grado de Gran Cruz, a\u00a0<b>Susan Segal,\u00a0<\/b>la presidenta del centro de pensamiento Americas Society\/Council of the Americas, en reconocimiento al &#8220;<i>trabajo y compromiso con la Rep\u00fablica de Colombia<\/i>&#8221; de ella.<\/p>\n<p id=\"p563922-m1264-14-1265\" class=\"parrafo\">El viaje de Duque culminar\u00e1 el mi\u00e9rcoles con un coloquio con\u00a0<i>Bloomberg\u00a0<\/i>sobre la transici\u00f3n energ\u00e9tica, energ\u00edas renovables, movilidad limpia y ruta del hidr\u00f3geno en Colombia.<\/p>\n<p>Tomado de: PORTAFOLIO<\/p>\n","protected":false},"excerpt":{"rendered":"<p>l presidente de Colombia,\u00a0Iv\u00e1n Duque,\u00a0viaj\u00f3 este domingo a Nueva York para hablar por primera vez ante el\u00a0Consejo de Seguridad de Naciones Unidas\u00a0sobre la implementaci\u00f3n del acuerdo de paz que firmaron el Gobierno y la extinta guerrilla de las Farc en noviembre de 2016. En su visita de tres d\u00edas a la ciudad estadounidense, en la<\/p>\n","protected":false},"author":1,"featured_media":9373,"comment_status":"closed","ping_status":"closed","sticky":false,"template":"","format":"standard","meta":{"footnotes":""},"categories":[181],"tags":[],"class_list":["post-9372","post","type-post","status-publish","format-standard","has-post-thumbnail","hentry","category-noticias"],"views":75,"_links":{"self":[{"href":"https:\/\/www.amchambaq.com\/es_co\/wp-json\/wp\/v2\/posts\/9372","targetHints":{"allow":["GET"]}}],"collection":[{"href":"https:\/\/www.amchambaq.com\/es_co\/wp-json\/wp\/v2\/posts"}],"about":[{"href":"https:\/\/www.amchambaq.com\/es_co\/wp-json\/wp\/v2\/types\/post"}],"author":[{"embeddable":true,"href":"https:\/\/www.amchambaq.com\/es_co\/wp-json\/wp\/v2\/users\/1"}],"replies":[{"embeddable":true,"href":"https:\/\/www.amchambaq.com\/es_co\/wp-json\/wp\/v2\/comments?post=9372"}],"version-history":[{"count":1,"href":"https:\/\/www.amchambaq.com\/es_co\/wp-json\/wp\/v2\/posts\/9372\/revisions"}],"predecessor-version":[{"id":9374,"href":"https:\/\/www.amchambaq.com\/es_co\/wp-json\/wp\/v2\/posts\/9372\/revisions\/9374"}],"wp:featuredmedia":[{"embeddable":true,"href":"https:\/\/www.amchambaq.com\/es_co\/wp-json\/wp\/v2\/media\/9373"}],"wp:attachment":[{"href":"https:\/\/www.amchambaq.com\/es_co\/wp-json\/wp\/v2\/media?parent=9372"}],"wp:term":[{"taxonomy":"category","embeddable":true,"href":"https:\/\/www.amchambaq.com\/es_co\/wp-json\/wp\/v2\/categories?post=9372"},{"taxonomy":"post_tag","embeddable":true,"href":"https:\/\/www.amchambaq.com\/es_co\/wp-json\/wp\/v2\/tags?post=9372"}],"curies":[{"name":"wp","href":"https:\/\/api.w.org\/{rel}","templated":true}]}}