{"id":9367,"date":"2022-04-08T09:13:16","date_gmt":"2022-04-08T14:13:16","guid":{"rendered":"https:\/\/www.amchambaq.com\/?p=9367"},"modified":"2022-04-08T09:13:16","modified_gmt":"2022-04-08T14:13:16","slug":"cumbre-bicentenario-colombia-ee-uu-de-amcham-colombia-sera-el-20-y-21-de-abril","status":"publish","type":"post","link":"https:\/\/www.amchambaq.com\/es_co\/cumbre-bicentenario-colombia-ee-uu-de-amcham-colombia-sera-el-20-y-21-de-abril\/","title":{"rendered":"Cumbre Bicentenario Colombia-EE.UU de Amcham Colombia ser\u00e1 el 20 y 21 de abril"},"content":{"rendered":"<p>La coyuntura internacional abre una de las oportunidades m\u00e1s interesantes para que Colombia se consolide como el aliado estrat\u00e9gico m\u00e1s importante de Estados Unidos en la regi\u00f3n, tanto en asuntos pol\u00edticos y econ\u00f3micos, como de cooperaci\u00f3n e intercambio.<\/p>\n<p>Ese ser\u00e1 el eje anal\u00edtico de la Cumbre Bicentenario que organiza la C\u00e1mara de Comercio Colombo Americana, AmCham Colombia, para celebrar los 200 a\u00f1os de relaciones diplom\u00e1ticas entre Colombia y Estados Unidos. El evento tendr\u00e1 lugar el pr\u00f3ximo 20 y 21 de abril.<\/p>\n<p><strong>\u201c<\/strong>Teniendo en cuenta el contexto de la geopol\u00edtica internacional, la crisis de log\u00edstica y la reubicaci\u00f3n de procesos productivos, que se viene dando desde hace a\u00f1os; la iniciativa Build Back Better World y el proyecto de Ley de Alianza Estrat\u00e9gica Estados Unidos \u2013 Colombia que se tramita en el Senado de EE.UU., \u00a0Colombia est\u00e1 obligado a ser el pa\u00eds de Am\u00e9rica Latina que debe tener acciones m\u00e1s contundentes para lograr una mayor oportunidad con Estados Unidos y para la integraci\u00f3n regional\u201d, dijo Mar\u00eda Claudia Lacouture, directora de AmCham Colombia.<\/p>\n<p>De acuerdo con Lacouture estamos en un momento propicio fortalecer los v\u00ednculos pol\u00edticos que facilitar\u00e1n e impulsar\u00e1n la relaci\u00f3n comercial que ya cuenta con un tratado de libre comercio que facilita los negocios.<\/p>\n<p>\u201cEn la Cumbre Bicentenario de AmCham Colombia celebraremos este hito y los diez a\u00f1os de la entrada en vigor del Tratado de Libre Comercio entre las dos naciones con un encuentro acad\u00e9mico, pol\u00edtico, econ\u00f3mico y comercial, en el que participar\u00e1n diversos expertos, l\u00edderes empresariales y representantes de ambos Gobiernos, quienes ofrecer\u00e1n una visi\u00f3n en prospectiva para una nueva agenda con Estados Unidos\u201d, detall\u00f3 Lacouture.<\/p>\n<p>Agreg\u00f3 que \u201cColombia y Estados Unidos mantienen una de las alianzas m\u00e1s s\u00f3lidas en la regi\u00f3n, que ha tenido altos y bajos pero que siempre se ha caracterizado por la cooperaci\u00f3n y trabajo conjunto por el fortalecimiento de la seguridad, el estado de derecho, la consolidaci\u00f3n de la justicia, la cooperaci\u00f3n y el intercambio comercial\u201d.<\/p>\n<p><strong>Ejes tem\u00e1ticos de la cumbre<\/strong><\/p>\n<p>La Cumbre Bicentenario de AmCham Colombia estar\u00e1 enfocada en seis ejes tem\u00e1ticos: negocios, cultura y deporte; transformaci\u00f3n digital y tecnolog\u00edas disruptivas; turismo; formaci\u00f3n y capacitaci\u00f3n; sostenibilidad y cambio clim\u00e1tico; y conocimiento e inspiraci\u00f3n.<\/p>\n<p>Algunos de los temas que se tratar\u00e1n, en el marco de la Cumbre, son las relaciones bilaterales en prospectiva, c\u00f3mo aprovechar m\u00e1s el TLC en la pr\u00f3xima d\u00e9cada; el potencial de la industria tur\u00edstica en ambos pa\u00edses; la quinta revoluci\u00f3n industrial; evoluci\u00f3n de productos, mentalidad del consumidor y su relaci\u00f3n con el medio ambiente; log\u00edstica, comunicaciones y desarrollo de los puertos; digital\u00a0<em>manufacturing<\/em>, entre otras tem\u00e1ticas.<\/p>\n<p>Entre los l\u00edderes empresariales que participar\u00e1n en el evento se encuentran Giovanni Stella, Country Manager de Google; Frederick W. Smith, CEO de FedEx Corporation; Felipe Bay\u00f3n, presidente del Grupo Ecopetrol; Paula Cort\u00e9s, presidenta de Anato; Javier D\u00edaz, presidente de Analdex; M\u00f3nica Fl\u00f3res CEO de Manpower Group para Am\u00e9rica Latina; Luis Felipe Carrillo, presidente de General Electric \u2013 CALA y Ned Cabot, Director Country Digitization en Am\u00e9ricas de CISCO.<\/p>\n<p>El presidente de la Rep\u00fablica, Iv\u00e1n Duque, encabezar\u00e1 el grupo de representantes del Gobierno colombiano junto con el Embajador de Colombia en Estados Unidos, Juan Carlos Pinz\u00f3n; la ministra de Comercio, Industria y Turismo, Mar\u00eda Ximena Lombana; la ministra TIC, Carmen Ligia Valderrama y el ministro de Trabajo, \u00c1ngel Custodio Cabrera; entre otros funcionarios.<\/p>\n<p>En cuanto a los invitados estadounidenses se encuentran Juan Gonz\u00e1lez, director de Asuntos del Hemisferio Occidental del Consejo de Seguridad Nacional de la Casa Blanca; Gina Raimondo, Secretaria de Comercio; el embajador de Estados Unidos en Colombia, Philip Goldberg; Brian A. Nichols, secretario de Estado asistente para el Hemisferio Occidental en el Departamento de Estado y\u00a0 el senador Robert Men\u00e9ndez, Presidente del Comit\u00e9 de Asuntos Exteriores del Senado de Estados Unidos.<\/p>\n<p>La Cumbre tambi\u00e9n contar\u00e1 con la participaci\u00f3n de otros expertos locales e internacionales como el economista e investigador asociado de Fedesarrollo, Mauricio Reina; Sergio D\u00edaz-Granados, presidente de la CAF y Eric Olafson, Director Global Trade and Business Development del Puerto de Miami.<\/p>\n<p>Adem\u00e1s, como parte del evento se desarrollar\u00e1 un conversatorio entre congresistas colombianos acerca de la perspectiva de la relaci\u00f3n con Estados Unidos en el que participar\u00e1n Humberto de La Calle, David Luna, Roy Barreras, Efra\u00edn Cepeda, Alejandro Chac\u00f3n y Ang\u00e9lica Lozano<\/p>\n<p>La Cumbre Bicentenario de AmCham Colombia cuenta con el respaldo de Cisco, Coca Cola, Congrupo, Ecopetrol, Fedex Express, Manpower y Rockwell.<\/p>\n<p>Tomado de: AMCHAM COLOMBIA<\/p>\n","protected":false},"excerpt":{"rendered":"<p>La coyuntura internacional abre una de las oportunidades m\u00e1s interesantes para que Colombia se consolide como el aliado estrat\u00e9gico m\u00e1s importante de Estados Unidos en la regi\u00f3n, tanto en asuntos pol\u00edticos y econ\u00f3micos, como de cooperaci\u00f3n e intercambio. Ese ser\u00e1 el eje anal\u00edtico de la Cumbre Bicentenario que organiza la C\u00e1mara de Comercio Colombo Americana,<\/p>\n","protected":false},"author":1,"featured_media":9368,"comment_status":"closed","ping_status":"closed","sticky":false,"template":"","format":"standard","meta":{"footnotes":""},"categories":[181],"tags":[],"class_list":["post-9367","post","type-post","status-publish","format-standard","has-post-thumbnail","hentry","category-noticias"],"views":138,"_links":{"self":[{"href":"https:\/\/www.amchambaq.com\/es_co\/wp-json\/wp\/v2\/posts\/9367","targetHints":{"allow":["GET"]}}],"collection":[{"href":"https:\/\/www.amchambaq.com\/es_co\/wp-json\/wp\/v2\/posts"}],"about":[{"href":"https:\/\/www.amchambaq.com\/es_co\/wp-json\/wp\/v2\/types\/post"}],"author":[{"embeddable":true,"href":"https:\/\/www.amchambaq.com\/es_co\/wp-json\/wp\/v2\/users\/1"}],"replies":[{"embeddable":true,"href":"https:\/\/www.amchambaq.com\/es_co\/wp-json\/wp\/v2\/comments?post=9367"}],"version-history":[{"count":1,"href":"https:\/\/www.amchambaq.com\/es_co\/wp-json\/wp\/v2\/posts\/9367\/revisions"}],"predecessor-version":[{"id":9369,"href":"https:\/\/www.amchambaq.com\/es_co\/wp-json\/wp\/v2\/posts\/9367\/revisions\/9369"}],"wp:featuredmedia":[{"embeddable":true,"href":"https:\/\/www.amchambaq.com\/es_co\/wp-json\/wp\/v2\/media\/9368"}],"wp:attachment":[{"href":"https:\/\/www.amchambaq.com\/es_co\/wp-json\/wp\/v2\/media?parent=9367"}],"wp:term":[{"taxonomy":"category","embeddable":true,"href":"https:\/\/www.amchambaq.com\/es_co\/wp-json\/wp\/v2\/categories?post=9367"},{"taxonomy":"post_tag","embeddable":true,"href":"https:\/\/www.amchambaq.com\/es_co\/wp-json\/wp\/v2\/tags?post=9367"}],"curies":[{"name":"wp","href":"https:\/\/api.w.org\/{rel}","templated":true}]}}