{"id":9361,"date":"2022-04-07T14:27:07","date_gmt":"2022-04-07T19:27:07","guid":{"rendered":"https:\/\/www.amchambaq.com\/?p=9361"},"modified":"2022-04-07T14:27:07","modified_gmt":"2022-04-07T19:27:07","slug":"en-su-209-anos-barranquilla-se-apoya-en-sus-logros-para-apostarle-a-grandes-proyectos","status":"publish","type":"post","link":"https:\/\/www.amchambaq.com\/es_co\/en-su-209-anos-barranquilla-se-apoya-en-sus-logros-para-apostarle-a-grandes-proyectos\/","title":{"rendered":"En su 209 a\u00f1os, Barranquilla se apoya en sus logros para apostarle a grandes proyectos"},"content":{"rendered":"<p><strong><span>Con una nutrida agenda cultural desde este jueves, la ciudad celebra un aniversario m\u00e1s.<\/span><\/strong><\/p>\n<p>Los objetivos de Barranquilla trascienden el presente, pues ya emprendi\u00f3 el camino de una planificaci\u00f3n al a\u00f1o 2100, apuesta que la sit\u00faa como la \u00fanica ciudad de Colombia que mira al futuro desde ya.<\/p>\n<p>Al cumplir 209 a\u00f1os, la capital del Atl\u00e1ntico se impulsa con su pujanza, desarrollo y progreso, para apostarle a ser la ciudad donde todos pueden llegar, so\u00f1ar y alcanzar sus metas, como lo ha dicho en muchas ocasiones el alcalde Jaime Pumarejo Heins.<\/p>\n<p>Desde el Gran Malec\u00f3n, el alcalde encargado, Alfredo Carbonell, se refiri\u00f3 a los desaf\u00edos que tiene la ciudad por delante. \u201cTenemos que concretar grandes proyectos como es la recuperaci\u00f3n de la ci\u00e9naga de mallorqu\u00edn, que va por buen camino, nuestro bosque urbano Miramar, seguir con el programa de arborizaci\u00f3n de la ciudad, de recuperaci\u00f3n de parques, es decir, vamos por ese camino y estamos seguros de que seremos la primera biodiverciudad de Colombia\u201d, anot\u00f3.<\/p>\n<p>Abrirse al mundo para generar nuevas oportunidades a empresas y ciudadanos ha sido una constante. \u201cSeguimos apost\u00e1ndole a grandes eventos como los\u00a0Juegos Panamericanos 2027 para seguir albergando eventos deportivos, culturales, para ser la capital de eventos, lo que se traduce en empleo y oportunidades de emprendimiento para la gente\u201d.<\/p>\n<p>Asimismo, se refiri\u00f3 a la variada oferta de eventos y muestras culturales. \u00a0Con ni\u00f1os que visitaban el Gran Malec\u00f3n, Carbonell lider\u00f3 una \u2018siembra\u2019 de banderas, en alusi\u00f3n a las \u2018semillas\u2019 que la ciudad est\u00e1 sembrando en\u00a0educaci\u00f3n, salud, deporte e infraestructura, para que crezcan y las futuras generaciones puedan disfrutar de un futuro promisorio.<\/p>\n<p>\u201cEstamos en el Gran Malec\u00f3n para contar la agenda que tenemos el d\u00eda de hoy de celebraci\u00f3n. Vamos a conmemorar el d\u00eda de Barranquilla plantando banderas, tendremos el Festival Iberoamericano de Teatro en la ciudad con presentaciones de teatro en la calle, tendremos a los estudiantes de la Escuela\u00a0Distrital de Arte en la F\u00e1brica de Cultura con presentaciones, ma\u00f1ana tendremos una feria de emprendimiento, todo para celebrar en grande por varios frentes este cumplea\u00f1os\u201d.<\/p>\n<p>De acuerdo con el funcionario, la ciudad ha vivido una transformaci\u00f3n en los \u00faltimos 14 a\u00f1os, lo que ha permitido recuperar la confianza de los habitantes con grandes obras como el Gran Malec\u00f3n, colegios, hospitales y parques y una gran inversi\u00f3n social. \u201cEl 70% de nuestro presupuesto se va en nuestra gente. Le estamos apostando a grandes proyectos como el biling\u00fcismo en todos los colegios p\u00fablicos\u201d, dijo.<\/p>\n<p>Carbonell exalt\u00f3 que a Barranquilla la hace especial los ciudadanos que d\u00eda a d\u00eda luchan para alcanzar sus metas y le devuelven a la ciudad lo mejor para vivir en la tierra que todos se merecen.<\/p>\n<p>\u201cNuestra gente es abierta, amable, es atenta para visitantes, y por eso hoy hemos hablado de mi \u2018Ciudad Baqana\u2019 en donde los barranquilleros siempre tienen una cara amable, est\u00e1n contentos y hacen sentir bien a todos nuestros extranjeros, visitantes y propios\u201d, asegur\u00f3.<\/p>\n","protected":false},"excerpt":{"rendered":"<p>Con una nutrida agenda cultural desde este jueves, la ciudad celebra un aniversario m\u00e1s. Los objetivos de Barranquilla trascienden el presente, pues ya emprendi\u00f3 el camino de una planificaci\u00f3n al a\u00f1o 2100, apuesta que la sit\u00faa como la \u00fanica ciudad de Colombia que mira al futuro desde ya. Al cumplir 209 a\u00f1os, la capital del<\/p>\n","protected":false},"author":1,"featured_media":9362,"comment_status":"closed","ping_status":"closed","sticky":false,"template":"","format":"standard","meta":{"footnotes":""},"categories":[181],"tags":[],"class_list":["post-9361","post","type-post","status-publish","format-standard","has-post-thumbnail","hentry","category-noticias"],"views":72,"_links":{"self":[{"href":"https:\/\/www.amchambaq.com\/es_co\/wp-json\/wp\/v2\/posts\/9361","targetHints":{"allow":["GET"]}}],"collection":[{"href":"https:\/\/www.amchambaq.com\/es_co\/wp-json\/wp\/v2\/posts"}],"about":[{"href":"https:\/\/www.amchambaq.com\/es_co\/wp-json\/wp\/v2\/types\/post"}],"author":[{"embeddable":true,"href":"https:\/\/www.amchambaq.com\/es_co\/wp-json\/wp\/v2\/users\/1"}],"replies":[{"embeddable":true,"href":"https:\/\/www.amchambaq.com\/es_co\/wp-json\/wp\/v2\/comments?post=9361"}],"version-history":[{"count":1,"href":"https:\/\/www.amchambaq.com\/es_co\/wp-json\/wp\/v2\/posts\/9361\/revisions"}],"predecessor-version":[{"id":9363,"href":"https:\/\/www.amchambaq.com\/es_co\/wp-json\/wp\/v2\/posts\/9361\/revisions\/9363"}],"wp:featuredmedia":[{"embeddable":true,"href":"https:\/\/www.amchambaq.com\/es_co\/wp-json\/wp\/v2\/media\/9362"}],"wp:attachment":[{"href":"https:\/\/www.amchambaq.com\/es_co\/wp-json\/wp\/v2\/media?parent=9361"}],"wp:term":[{"taxonomy":"category","embeddable":true,"href":"https:\/\/www.amchambaq.com\/es_co\/wp-json\/wp\/v2\/categories?post=9361"},{"taxonomy":"post_tag","embeddable":true,"href":"https:\/\/www.amchambaq.com\/es_co\/wp-json\/wp\/v2\/tags?post=9361"}],"curies":[{"name":"wp","href":"https:\/\/api.w.org\/{rel}","templated":true}]}}