{"id":9298,"date":"2022-03-17T10:12:24","date_gmt":"2022-03-17T15:12:24","guid":{"rendered":"https:\/\/www.amchambaq.com\/?p=9298"},"modified":"2022-03-17T10:12:24","modified_gmt":"2022-03-17T15:12:24","slug":"estas-son-las-propuestas-de-reforma-pensional-de-algunos-aspirantes-presidenciales","status":"publish","type":"post","link":"https:\/\/www.amchambaq.com\/es_co\/estas-son-las-propuestas-de-reforma-pensional-de-algunos-aspirantes-presidenciales\/","title":{"rendered":"Estas son las propuestas de Reforma Pensional de algunos aspirantes presidenciales"},"content":{"rendered":"<p>El debate por lo que ser\u00eda la Reforma Pensional de quien llegara a ser el pr\u00f3ximo mandatario de Colombia, est\u00e1 cada vez m\u00e1s en auge y empieza a convertirse en un factor en favor o en contra para los aspirantes a este cargo. Estas son algunas de sus propuestas en materia de jubilaci\u00f3n:<\/p>\n<p><strong>Sergio Fajardo<br \/>\n<\/strong>El candidato del Centro Esperanza indic\u00f3 que el gran problema del sistema pensional en el pa\u00eds obedece a la baja cobertura. De ah\u00ed que su propuesta sea garantizar ingresos en la vejez a trav\u00e9s de cotizaciones para quienes logran pensionarse y con impuestos para aquellos que por sus condiciones no lo logran. En este \u00fatimo caso, pretende entregar $500.000 mensuales.<\/p>\n<p>Seg\u00fan la propuesta de exgobernador de Antioquia en esta materia, el ahorro pensional no ser\u00eda utilizado para financiar gastos corrientes. Lo que se busca es aumentar la competencia de los fondos privados para as\u00ed reducir las altas comisiones que cobran. Seg\u00fan el candidato, esto ser\u00eda una propuesta responsable y sostenible que ayudar\u00eda a reducir\u00eda las desigualdades del sistema pensional actual sin comprometer las pensiones futuras.<\/p>\n<p><strong>Gustavo Petro<\/strong><br \/>\nEl l\u00edder de Colombia Humana indic\u00f3 que de convertirse en Presidente, implementar\u00eda una reforma pensional que en lugar de hacer cotizaciones para ahorro individual en las Administradoras de Fondos Pensionales (AFP), destine los recursos a un fondo p\u00fablico. Seg\u00fan \u00e9l, con esto se pagar\u00edan las pensiones actuales, lo que liberar\u00eda al Estado de $18 billones.<\/p>\n<p>La din\u00e1mica funcionar\u00eda de tal forma que los recursos de los colombianos que actualmente est\u00e1n cotizando, sea el insumo para quienes est\u00e1n pensionados, mientras que cuando ellos lleguen a la vejez, sean los nuevos cotizantes los que garanticen los aportes correspondientes a su pensi\u00f3n. El aspirante, tambi\u00e9n revel\u00f3 que espera entregar media pensi\u00f3n ($500.000) a tres millones de colombianos.<\/p>\n<p><strong>Ingrid Betancourt<\/strong><br \/>\nIngrid sostuvo que es irresponsable decir que no se debe subir la edad de pensi\u00f3n. Pues seg\u00fan sus estimaciones la pir\u00e1mide poblacional est\u00e1 cambiando. &#8220;Por cada pensionado, hay cuatro colombianos activos que mantienen esa pensi\u00f3n; en 2050 ser\u00e1n dos, y en 2070 solo uno&#8221;. Situaci\u00f3n por que la que propone aumentar la edad a 65 para los hombres y a 62 para la mujer.<\/p>\n<p>De este modo, dio indicios de hacer una reforma para que el c\u00e1lculo final de la pensi\u00f3n evite las transiciones del r\u00e9gimen privado al publico. &#8220;Pues no se pueden sostener pensiones cuando hay gente que no se est\u00e1 pensionando. El proceso de ley para subir la edad se debe dar por ah\u00ed en 10 o 20 a\u00f1os. Toca pensar es c\u00f3mo se reforma e, inmediatamente, girarles dinero a las familias o a las comunidades&#8221;, concluy\u00f3 la candidata.<\/p>\n<p><strong>Federico Guti\u00e9rrez<\/strong><br \/>\nEntre sus propuestas, propone crear un sistema integral de protecci\u00f3n a la vejez para que 3,5 millones de adultos mayores de 65 a\u00f1os que hoy no tienen pensi\u00f3n accedan a un ingreso m\u00ednimo vitalicio. Asimismo, ha dejado claro que no est\u00e1 a favor de cambiar la edad de pensi\u00f3n en el pa\u00eds. Seg\u00fan indic\u00f3 &#8216;Fico&#8217; ante Tropicana &#8220;los subsidios deben ir a las pensiones m\u00e1s bajas no a las altas, y ah\u00ed es donde se tiene que dar una modificaci\u00f3n\u201d.<\/p>\n<p><strong>Rodolfo Hern\u00e1ndez<br \/>\n<\/strong>Por \u00faltimo, la propuesta de la reforma pensional del exalcalde de Bucaramanga no var\u00eda mucho con relaci\u00f3n a sus competidores. En ese sentido, indic\u00f3 que su prop\u00f3sito tambi\u00e9n es garantizar la renta a todos los colombianos. Raz\u00f3n por la que al igual que otros, implementar\u00eda un bono mensual de $500.000 pesos para quienes no tienen este beneficio.<\/p>\n<p>Hern\u00e1ndez dijo que en sus manos propone crear un sistema de largo plazo con el que nadie pierda su dinero. Ante este escenario, asegur\u00f3 a El Tiempo que &#8220;tratar\u00eda de buscar la forma de solventar el sistema de pensiones en el pa\u00eds a 40 o 50 a\u00f1os, sin afectar el ahorro de cada cotizante y teniendo en cuenta las proyecciones de c\u00f3mo estar\u00eda Colombia en ese lapso&#8221;.<\/p>\n<p>Tomado de: LA REP\u00daBLICA<\/p>\n","protected":false},"excerpt":{"rendered":"<p>El debate por lo que ser\u00eda la Reforma Pensional de quien llegara a ser el pr\u00f3ximo mandatario de Colombia, est\u00e1 cada vez m\u00e1s en auge y empieza a convertirse en un factor en favor o en contra para los aspirantes a este cargo. Estas son algunas de sus propuestas en materia de jubilaci\u00f3n: Sergio Fajardo<\/p>\n","protected":false},"author":1,"featured_media":9266,"comment_status":"closed","ping_status":"closed","sticky":false,"template":"","format":"standard","meta":{"footnotes":""},"categories":[181],"tags":[],"class_list":["post-9298","post","type-post","status-publish","format-standard","has-post-thumbnail","hentry","category-noticias"],"views":84,"_links":{"self":[{"href":"https:\/\/www.amchambaq.com\/es_co\/wp-json\/wp\/v2\/posts\/9298","targetHints":{"allow":["GET"]}}],"collection":[{"href":"https:\/\/www.amchambaq.com\/es_co\/wp-json\/wp\/v2\/posts"}],"about":[{"href":"https:\/\/www.amchambaq.com\/es_co\/wp-json\/wp\/v2\/types\/post"}],"author":[{"embeddable":true,"href":"https:\/\/www.amchambaq.com\/es_co\/wp-json\/wp\/v2\/users\/1"}],"replies":[{"embeddable":true,"href":"https:\/\/www.amchambaq.com\/es_co\/wp-json\/wp\/v2\/comments?post=9298"}],"version-history":[{"count":1,"href":"https:\/\/www.amchambaq.com\/es_co\/wp-json\/wp\/v2\/posts\/9298\/revisions"}],"predecessor-version":[{"id":9299,"href":"https:\/\/www.amchambaq.com\/es_co\/wp-json\/wp\/v2\/posts\/9298\/revisions\/9299"}],"wp:featuredmedia":[{"embeddable":true,"href":"https:\/\/www.amchambaq.com\/es_co\/wp-json\/wp\/v2\/media\/9266"}],"wp:attachment":[{"href":"https:\/\/www.amchambaq.com\/es_co\/wp-json\/wp\/v2\/media?parent=9298"}],"wp:term":[{"taxonomy":"category","embeddable":true,"href":"https:\/\/www.amchambaq.com\/es_co\/wp-json\/wp\/v2\/categories?post=9298"},{"taxonomy":"post_tag","embeddable":true,"href":"https:\/\/www.amchambaq.com\/es_co\/wp-json\/wp\/v2\/tags?post=9298"}],"curies":[{"name":"wp","href":"https:\/\/api.w.org\/{rel}","templated":true}]}}