{"id":9240,"date":"2022-03-09T08:42:22","date_gmt":"2022-03-09T13:42:22","guid":{"rendered":"https:\/\/www.amchambaq.com\/?p=9240"},"modified":"2022-03-09T08:42:22","modified_gmt":"2022-03-09T13:42:22","slug":"el-impacto-de-la-exencion-de-aranceles-a-algunos-insumos-se-sentira-en-tres-meses","status":"publish","type":"post","link":"https:\/\/www.amchambaq.com\/es_co\/el-impacto-de-la-exencion-de-aranceles-a-algunos-insumos-se-sentira-en-tres-meses\/","title":{"rendered":"El impacto de la exenci\u00f3n de aranceles a algunos insumos se sentir\u00e1 en tres meses"},"content":{"rendered":"<p>El pasado 3 de marzo, el Gobierno Nacional expidi\u00f3 el Decreto 307 de 2022, que tiene como \u201cprop\u00f3sito poder tomar acciones conducentes a disminuir las presiones inflacionarias\u201d. Este decreto fij\u00f3 que 165 subpartidas no tendr\u00edan aranceles, que antes oscilaban entre 5%, 10% y 15, durante seis meses. Esto teniendo en cuenta que en febrero de este a\u00f1o, la inflaci\u00f3n mensual se ubic\u00f3 en 1,63%, mientras que la anual registr\u00f3 una cifra de 8,01%. No obstante, expertos consideran que la medida tiene un tiempo de acci\u00f3n muy corto y\u00a0<u>no lograr\u00e1 su cometido.<\/u><\/p>\n<p>Mart\u00edn Ibarra, experto en comercio internacional, se\u00f1al\u00f3 que a este decreto se suma un nuevo proyecto que se public\u00f3 el pasado 7 de marzo y que establece un arancel de 0% durante un a\u00f1o para otras 75 subpartidas arancelarias relacionadas con fertilizantes, plaguicidas y alimentos balanceados.<u>\u00a0La cual tambi\u00e9n entrar\u00e1 en vigor para \u201chacerle frente a este fen\u00f3meno que se est\u00e1 viviendo en el mundo<\/u>\u201d, seg\u00fan anot\u00f3 el ministro de Hacienda, Jos\u00e9 Manuel Restrepo.<\/p>\n<p>Pese a que el jefe de cartera manifest\u00f3 su confianza en las medidas adoptadas por el Gobierno para que las expectativas de inflaci\u00f3n empiecen a anclarse y a tener una reducci\u00f3n en el costo de vida de los ciudadanos, hay quienes no son tan optimistas frente a la situaci\u00f3n.<\/p>\n<div class=\"news economiaSect\">\n<div class=\"html-content\">\n<p>Javier D\u00edaz Molina, presidente ejecutivo de la Asociaci\u00f3n Nacional de Comercio Exterior (Analdex) reconoci\u00f3 que la reducci\u00f3n arancelaria no es un proceso inmediato por lo que dif\u00edcilmente en el poco tiempo de vigencia podr\u00eda llegar a consolidar el impacto que se espera. \u201cAlgunos bienes empezar\u00edan a ver resultados en unos tres meses. Sin embargo hay otros como las semillas que se tardar\u00edan a\u00fan m\u00e1s, porque tienen que empezar todo el ciclo\u00a0<u>productivo<\/u>, al igual que los agroqu\u00edmicos\u201d. En este escenario, no es claro el efecto que tendr\u00e1 la reducci\u00f3n de los aranceles en Colombia y si en el corto plazo se va a traducir en menores costos para los consumidores, ya que son muchas las variables que explican el fen\u00f3meno inflacionario y que son de dif\u00edcil o nulo control para la naci\u00f3n.<\/p>\n<p><u>\u201cDebe tenerse en cuenta que este es un problema que est\u00e1 afectando la econom\u00eda mundial ya que obedece a choques externos, problemas en la cadena de abastecimiento y log\u00edstica de puertos,<\/u>\u00a0desbalances entre oferta y demanda mundial, disminuci\u00f3n en la producci\u00f3n de alimentos en el pa\u00eds y recientemente, al conflicto entre Rusia y Ucrania\u201d, anot\u00f3 Ibarra.<\/p>\n<p>Juan Felipe Bernal, experto en comercio exterior de la Universidad Javeriana agreg\u00f3 que tambi\u00e9n hay algo que se ha dejado de lado y es que el \u00cdndice de Precio al Productor (IPP) ha presentado aumentos a\u00fan mayores que el IPC, lo que hace que los precios de los bienes y servicios para la producci\u00f3n, se trasladen a los consumidores.<\/p>\n<p>Aunque Jorge Enrique Bedoya, presidente de la Sociedad de Agricultores de Colombia (SAC), indic\u00f3 que la medida no tendr\u00e1 un impacto significativo debido a que la mayor\u00eda de los\u00a0<u>insumos<\/u>\u00a0(al menos al menos para los sectores representados en la SAC) no ten\u00edan aranceles a\u00fan antes del decreto. Hay otros expertos como Juan Carlos Arbel\u00e1ez, Socio de Impuesto en Crowe, que esperan que se cumpla con los requisitos m\u00ednimos en el ordenamiento jur\u00eddico para obtener resultados tangibles en el pa\u00eds.<\/p>\n<\/div>\n<\/div>\n<div>Tomado de: LA REP\u00daBLICA<\/div>\n","protected":false},"excerpt":{"rendered":"<p>El pasado 3 de marzo, el Gobierno Nacional expidi\u00f3 el Decreto 307 de 2022, que tiene como \u201cprop\u00f3sito poder tomar acciones conducentes a disminuir las presiones inflacionarias\u201d. Este decreto fij\u00f3 que 165 subpartidas no tendr\u00edan aranceles, que antes oscilaban entre 5%, 10% y 15, durante seis meses. Esto teniendo en cuenta que en febrero de<\/p>\n","protected":false},"author":1,"featured_media":8832,"comment_status":"closed","ping_status":"closed","sticky":false,"template":"","format":"standard","meta":{"footnotes":""},"categories":[181],"tags":[],"class_list":["post-9240","post","type-post","status-publish","format-standard","has-post-thumbnail","hentry","category-noticias"],"views":93,"_links":{"self":[{"href":"https:\/\/www.amchambaq.com\/es_co\/wp-json\/wp\/v2\/posts\/9240","targetHints":{"allow":["GET"]}}],"collection":[{"href":"https:\/\/www.amchambaq.com\/es_co\/wp-json\/wp\/v2\/posts"}],"about":[{"href":"https:\/\/www.amchambaq.com\/es_co\/wp-json\/wp\/v2\/types\/post"}],"author":[{"embeddable":true,"href":"https:\/\/www.amchambaq.com\/es_co\/wp-json\/wp\/v2\/users\/1"}],"replies":[{"embeddable":true,"href":"https:\/\/www.amchambaq.com\/es_co\/wp-json\/wp\/v2\/comments?post=9240"}],"version-history":[{"count":1,"href":"https:\/\/www.amchambaq.com\/es_co\/wp-json\/wp\/v2\/posts\/9240\/revisions"}],"predecessor-version":[{"id":9241,"href":"https:\/\/www.amchambaq.com\/es_co\/wp-json\/wp\/v2\/posts\/9240\/revisions\/9241"}],"wp:featuredmedia":[{"embeddable":true,"href":"https:\/\/www.amchambaq.com\/es_co\/wp-json\/wp\/v2\/media\/8832"}],"wp:attachment":[{"href":"https:\/\/www.amchambaq.com\/es_co\/wp-json\/wp\/v2\/media?parent=9240"}],"wp:term":[{"taxonomy":"category","embeddable":true,"href":"https:\/\/www.amchambaq.com\/es_co\/wp-json\/wp\/v2\/categories?post=9240"},{"taxonomy":"post_tag","embeddable":true,"href":"https:\/\/www.amchambaq.com\/es_co\/wp-json\/wp\/v2\/tags?post=9240"}],"curies":[{"name":"wp","href":"https:\/\/api.w.org\/{rel}","templated":true}]}}