{"id":9139,"date":"2022-02-21T09:53:49","date_gmt":"2022-02-21T14:53:49","guid":{"rendered":"https:\/\/www.amchambaq.com\/?p=9139"},"modified":"2022-02-21T09:53:49","modified_gmt":"2022-02-21T14:53:49","slug":"importar-alimentos-y-aumentar-tasas-entre-las-medidas-para-frenar-inflacion","status":"publish","type":"post","link":"https:\/\/www.amchambaq.com\/es_co\/importar-alimentos-y-aumentar-tasas-entre-las-medidas-para-frenar-inflacion\/","title":{"rendered":"Importar alimentos y aumentar tasas, entre las medidas para frenar inflaci\u00f3n"},"content":{"rendered":"<p>El Dane revel\u00f3 que en enero la inflaci\u00f3n fue de 1,67% y su variaci\u00f3n anual hab\u00eda alcanzado 6,94%. Esta cifra estuvo explicada en 40% por el sector de alimentos seguido por los costos del transporte; y restaurantes y hoteles, ambos con un aporte de 0,24 puntos b\u00e1sicos.<\/p>\n<p>Varios factores jugar\u00e1n un papel importante en este repunte. En primer lugar, factores externos como la crisis log\u00edstica y el alto precio del petr\u00f3leo que impactan el precio de los bienes importados. As\u00ed mismo, temas como la menor oferta de alimentos desde la din\u00e1mica interna impactan este indicador.<\/p>\n<p>Como respuesta, el Banco de la Rep\u00fablica, elev\u00f3 la tasa de intervenci\u00f3n hasta 4% durante enero. Esta es una de las primeras medidas de pol\u00edtica monetaria que se toma en escenarios de altos precios. Cesar Tamayo, decano de econom\u00eda de la Universidad Eafit, se\u00f1al\u00f3 que esta decisi\u00f3n pone barrera al consumo y al endeudamiento, con lo que impacta la inflaci\u00f3n.<\/p>\n<p>\u201cEsta es una f\u00f3rmula probada para manejar un escenario como este\u201d, asegur\u00f3 Tamayo. No obstante, varios economistas argumentan que esta inflaci\u00f3n no se puede controlar con esta medida. Jorge Iv\u00e1n Gonz\u00e1lez, profesor de las universidades Nacional y Externado, afirm\u00f3 que esta inflaci\u00f3n no responder\u00e1 al incremento de la tasa de intervenci\u00f3n. \u201cEsto tiene que ver con un tema de costos de alimentos que no tiene nada qu\u00e9 ver con las tasas\u201d, categoriz\u00f3.<\/p>\n<p>Por ende, afirm\u00f3 que como respuesta el gobierno deber\u00eda aumentar la productividad del agro y brindar apoyos cuando los precios se caigan. De esta forma no se afecta la oferta en el corto y mediano plazo.<\/p>\n<p><u>Encaminado al agro, el Gobierno Nacional anunci\u00f3 que disminuir\u00eda el arancel para 290 insumos, con lo que los productores tendr\u00e1n menores costos<\/u>. Esto se alinea con lo anunciado por el Comit\u00e9 Triple A que sugiri\u00f3 reducir por seis meses el arancel a 0% para 176 subpartidas y para otras tres a 5%, con el prop\u00f3sito de ayudar a mitigar los costos de producci\u00f3n.<\/p>\n<p>Tamayo destac\u00f3 esta medida, ya que los aranceles funcionan como distorsiones del precio en mejores escenarios. Por su parte, Juan Pablo Espinosa, jefe de investigaciones econ\u00f3micas de Bancolombia, explic\u00f3 que la reducci\u00f3n es positiva, ya que los insumos est\u00e1n presionando el alza en precios; no obstante, no ser\u00e1n suficientes.<\/p>\n<p>Jos\u00e9 Antonio Ocampo, exministro de Hacienda, se\u00f1al\u00f3 que esta medida tendr\u00e1 un rezago de meses antes de tener un impacto real en los precios. Asegur\u00f3 que en el corto plazo, el Gobierno tiene muy poco margen de maniobra para manejar los altos precios.<\/p>\n<p>Por ello, Tamayo asevera que podr\u00eda llegar a importarse alimentos en caso de que haya escasez en el pa\u00eds. A\u00f1ade que esta es una herramienta que adem\u00e1s incrementar\u00e1 la competitividad, lo que dinamizar\u00eda la econom\u00eda local.<\/p>\n<p>Gonz\u00e1lez descarta esta medida, ya que el pa\u00eds est\u00e1 en la capacidad de producir los productos de consumo interno.<\/p>\n<p>Otra alternativa que propone Ocampo es dar un subsidio adicional a los hogares que ayude a mitigar el impacto de los altos precios.<\/p>\n<p>Los economistas sugieren que pese a las medidas adoptadas, en el corto plazo no habr\u00e1 mayor impacto. En primer lugar, porque sus efectos se sentir\u00e1n m\u00e1s hacia el mediano plazo y porque los factores externos no podr\u00e1n ser controlados por el gobierno.<\/p>\n<p>Por eso, se\u00f1alan que el pa\u00eds deber\u00eda contemplar alternativas m\u00e1s a mediano y largo plazo. Tamayo dijo que ajustar las cuentas fiscales impactar\u00eda la confianza para atraer mayor inversi\u00f3n y as\u00ed se reducir\u00eda la tasa de cambio.<\/p>\n<p>Gonz\u00e1lez afirm\u00f3 que se debe revisar la estructura de concentraci\u00f3n de la tierra para responder a los temas de producci\u00f3n local.<\/p>\n","protected":false},"excerpt":{"rendered":"<p>El Dane revel\u00f3 que en enero la inflaci\u00f3n fue de 1,67% y su variaci\u00f3n anual hab\u00eda alcanzado 6,94%. Esta cifra estuvo explicada en 40% por el sector de alimentos seguido por los costos del transporte; y restaurantes y hoteles, ambos con un aporte de 0,24 puntos b\u00e1sicos. Varios factores jugar\u00e1n un papel importante en este<\/p>\n","protected":false},"author":1,"featured_media":9140,"comment_status":"closed","ping_status":"closed","sticky":false,"template":"","format":"standard","meta":{"footnotes":""},"categories":[181],"tags":[],"class_list":["post-9139","post","type-post","status-publish","format-standard","has-post-thumbnail","hentry","category-noticias"],"views":83,"_links":{"self":[{"href":"https:\/\/www.amchambaq.com\/es_co\/wp-json\/wp\/v2\/posts\/9139","targetHints":{"allow":["GET"]}}],"collection":[{"href":"https:\/\/www.amchambaq.com\/es_co\/wp-json\/wp\/v2\/posts"}],"about":[{"href":"https:\/\/www.amchambaq.com\/es_co\/wp-json\/wp\/v2\/types\/post"}],"author":[{"embeddable":true,"href":"https:\/\/www.amchambaq.com\/es_co\/wp-json\/wp\/v2\/users\/1"}],"replies":[{"embeddable":true,"href":"https:\/\/www.amchambaq.com\/es_co\/wp-json\/wp\/v2\/comments?post=9139"}],"version-history":[{"count":1,"href":"https:\/\/www.amchambaq.com\/es_co\/wp-json\/wp\/v2\/posts\/9139\/revisions"}],"predecessor-version":[{"id":9141,"href":"https:\/\/www.amchambaq.com\/es_co\/wp-json\/wp\/v2\/posts\/9139\/revisions\/9141"}],"wp:featuredmedia":[{"embeddable":true,"href":"https:\/\/www.amchambaq.com\/es_co\/wp-json\/wp\/v2\/media\/9140"}],"wp:attachment":[{"href":"https:\/\/www.amchambaq.com\/es_co\/wp-json\/wp\/v2\/media?parent=9139"}],"wp:term":[{"taxonomy":"category","embeddable":true,"href":"https:\/\/www.amchambaq.com\/es_co\/wp-json\/wp\/v2\/categories?post=9139"},{"taxonomy":"post_tag","embeddable":true,"href":"https:\/\/www.amchambaq.com\/es_co\/wp-json\/wp\/v2\/tags?post=9139"}],"curies":[{"name":"wp","href":"https:\/\/api.w.org\/{rel}","templated":true}]}}