{"id":9037,"date":"2022-02-09T10:05:41","date_gmt":"2022-02-09T15:05:41","guid":{"rendered":"https:\/\/www.amchambaq.com\/?p=9037"},"modified":"2022-02-09T10:05:41","modified_gmt":"2022-02-09T15:05:41","slug":"ee-uu-apoyara-a-colombia-para-proteger-elecciones","status":"publish","type":"post","link":"https:\/\/www.amchambaq.com\/es_co\/ee-uu-apoyara-a-colombia-para-proteger-elecciones\/","title":{"rendered":"EE. UU. apoyar\u00e1 a Colombia para proteger elecciones"},"content":{"rendered":"<p>El presidente, Iv\u00e1n Duque, asegur\u00f3 ayer, tras una reuni\u00f3n con la subsecretaria para Asuntos Pol\u00edticos estadounidenses, Victoria Nuland, que <b>Colombia y EE. UU.\u00a0<\/b>trabajan juntos para\u00a0<b>evitar que \u201cactores externos\u201d influyan en las eleccione<\/b>s legislativas y presidenciales de 2022.<\/p>\n<p>Nuland y una delegaci\u00f3n diplom\u00e1tica de la Casa Blanca participaron en el Di\u00e1logo Estrat\u00e9gico de Seguridad de Alto Nivel entre EE. UU. y Colombia. Tras los encuentros, Nuland, acompa\u00f1ada del subsecretario de Estado para Asuntos del Hemisferio Occidental, Brian A. Nichols, y el encargado de Latinoam\u00e9rica y el Caribe de la Casa Blanca, Juan S. Gonz\u00e1lez, resalt\u00f3 que Colombia es \u201cel principal aliado\u201d de EE. UU. en la regi\u00f3n.<\/p>\n<p>En relaci\u00f3n con los comicios legislativos y presidenciales colombianos de este 2022,\u00a0<b>Nuland asever\u00f3 que Washington desea que Colombia tenga \u201cuna elecci\u00f3n libre y justa\u201d,<\/b>\u00a0por lo que debe salvaguardarse de \u201cactores externos que tratan de ponerla en peligro\u201d.<\/p>\n<p><i>\u201cHablamos extensamente sobre los riesgos de los actores externos, de los reg\u00edmenes autoritarios y aquellos que no les desean bien a nuestras democracias, por lo que nos hemos comprometido a fortalecer nuestra relaci\u00f3n en diferentes campos como por ejemplo en la ciberseguridad o en el mundo de la desinformaci\u00f3n, entre otros<\/i>\u201d, detall\u00f3 la enviada de Biden.<\/p>\n<p>Tomado de: PORTAFOLIO<\/p>\n","protected":false},"excerpt":{"rendered":"<p>El presidente, Iv\u00e1n Duque, asegur\u00f3 ayer, tras una reuni\u00f3n con la subsecretaria para Asuntos Pol\u00edticos estadounidenses, Victoria Nuland, que Colombia y EE. UU.\u00a0trabajan juntos para\u00a0evitar que \u201cactores externos\u201d influyan en las elecciones legislativas y presidenciales de 2022. Nuland y una delegaci\u00f3n diplom\u00e1tica de la Casa Blanca participaron en el Di\u00e1logo Estrat\u00e9gico de Seguridad de Alto<\/p>\n","protected":false},"author":1,"featured_media":9038,"comment_status":"closed","ping_status":"closed","sticky":false,"template":"","format":"standard","meta":{"footnotes":""},"categories":[181],"tags":[],"class_list":["post-9037","post","type-post","status-publish","format-standard","has-post-thumbnail","hentry","category-noticias"],"views":118,"_links":{"self":[{"href":"https:\/\/www.amchambaq.com\/es_co\/wp-json\/wp\/v2\/posts\/9037","targetHints":{"allow":["GET"]}}],"collection":[{"href":"https:\/\/www.amchambaq.com\/es_co\/wp-json\/wp\/v2\/posts"}],"about":[{"href":"https:\/\/www.amchambaq.com\/es_co\/wp-json\/wp\/v2\/types\/post"}],"author":[{"embeddable":true,"href":"https:\/\/www.amchambaq.com\/es_co\/wp-json\/wp\/v2\/users\/1"}],"replies":[{"embeddable":true,"href":"https:\/\/www.amchambaq.com\/es_co\/wp-json\/wp\/v2\/comments?post=9037"}],"version-history":[{"count":1,"href":"https:\/\/www.amchambaq.com\/es_co\/wp-json\/wp\/v2\/posts\/9037\/revisions"}],"predecessor-version":[{"id":9039,"href":"https:\/\/www.amchambaq.com\/es_co\/wp-json\/wp\/v2\/posts\/9037\/revisions\/9039"}],"wp:featuredmedia":[{"embeddable":true,"href":"https:\/\/www.amchambaq.com\/es_co\/wp-json\/wp\/v2\/media\/9038"}],"wp:attachment":[{"href":"https:\/\/www.amchambaq.com\/es_co\/wp-json\/wp\/v2\/media?parent=9037"}],"wp:term":[{"taxonomy":"category","embeddable":true,"href":"https:\/\/www.amchambaq.com\/es_co\/wp-json\/wp\/v2\/categories?post=9037"},{"taxonomy":"post_tag","embeddable":true,"href":"https:\/\/www.amchambaq.com\/es_co\/wp-json\/wp\/v2\/tags?post=9037"}],"curies":[{"name":"wp","href":"https:\/\/api.w.org\/{rel}","templated":true}]}}