{"id":9031,"date":"2022-02-08T10:56:35","date_gmt":"2022-02-08T15:56:35","guid":{"rendered":"https:\/\/www.amchambaq.com\/?p=9031"},"modified":"2022-02-08T10:56:35","modified_gmt":"2022-02-08T15:56:35","slug":"la-subsecretaria-de-estado-de-ee-uu-visita-colombia-para-hablar-de-seguridad","status":"publish","type":"post","link":"https:\/\/www.amchambaq.com\/es_co\/la-subsecretaria-de-estado-de-ee-uu-visita-colombia-para-hablar-de-seguridad\/","title":{"rendered":"La subsecretaria de Estado de EE.UU. visita Colombia para hablar de seguridad"},"content":{"rendered":"<p>La subsecretaria de Estado para Asuntos Pol\u00edticos de EE. UU.,\u00a0<strong>Victoria Nuland<\/strong>, comenz\u00f3 este lunes una visita de dos d\u00edas a\u00a0<strong>Bogot\u00e1\u00a0<\/strong>al frente de una delegaci\u00f3n diplom\u00e1tica para revisar con las autoridades colombianas asuntos de seguridad, entre otros.<\/p>\n<p>Nuland est\u00e1 acompa\u00f1ada por \u201cuna delegaci\u00f3n interinstitucional para reunirse con altos funcionarios del\u00a0<strong>gobierno colombiano<\/strong>, oficiales responsables de la aplicaci\u00f3n de la ley, as\u00ed como con miembros de la sociedad civil\u201d, inform\u00f3 la embajada estadounidense en un comunicado.<\/p>\n<p>\u201cLa subsecretaria Nuland y la delegaci\u00f3n participar\u00e1n en el Di\u00e1logo Estrat\u00e9gico de\u00a0<strong>Seguridad\u00a0<\/strong>de Alto Nivel entre Estados Unidos y Colombia y discutir\u00e1n la cooperaci\u00f3n para avanzar en la seguridad regional, las instituciones democr\u00e1ticas y los v\u00ednculos econ\u00f3micos\u201d, agreg\u00f3 la informaci\u00f3n.<\/p>\n<p>De la delegaci\u00f3n tambi\u00e9n hacen parte el subsecretario de Estado para Asuntos del Hemisferio Occidental, Brian A. Nichols, y el encargado de\u00a0<strong>Latinoam\u00e9rica\u00a0<\/strong>y el Caribe de la Casa Blanca, Juan S. Gonz\u00e1lez.<\/p>\n<p>Tomado de: EL HERALDO<\/p>\n","protected":false},"excerpt":{"rendered":"<p>La subsecretaria de Estado para Asuntos Pol\u00edticos de EE. UU.,\u00a0Victoria Nuland, comenz\u00f3 este lunes una visita de dos d\u00edas a\u00a0Bogot\u00e1\u00a0al frente de una delegaci\u00f3n diplom\u00e1tica para revisar con las autoridades colombianas asuntos de seguridad, entre otros. Nuland est\u00e1 acompa\u00f1ada por \u201cuna delegaci\u00f3n interinstitucional para reunirse con altos funcionarios del\u00a0gobierno colombiano, oficiales responsables de la aplicaci\u00f3n<\/p>\n","protected":false},"author":1,"featured_media":9032,"comment_status":"closed","ping_status":"closed","sticky":false,"template":"","format":"standard","meta":{"footnotes":""},"categories":[181],"tags":[],"class_list":["post-9031","post","type-post","status-publish","format-standard","has-post-thumbnail","hentry","category-noticias"],"views":67,"_links":{"self":[{"href":"https:\/\/www.amchambaq.com\/es_co\/wp-json\/wp\/v2\/posts\/9031","targetHints":{"allow":["GET"]}}],"collection":[{"href":"https:\/\/www.amchambaq.com\/es_co\/wp-json\/wp\/v2\/posts"}],"about":[{"href":"https:\/\/www.amchambaq.com\/es_co\/wp-json\/wp\/v2\/types\/post"}],"author":[{"embeddable":true,"href":"https:\/\/www.amchambaq.com\/es_co\/wp-json\/wp\/v2\/users\/1"}],"replies":[{"embeddable":true,"href":"https:\/\/www.amchambaq.com\/es_co\/wp-json\/wp\/v2\/comments?post=9031"}],"version-history":[{"count":1,"href":"https:\/\/www.amchambaq.com\/es_co\/wp-json\/wp\/v2\/posts\/9031\/revisions"}],"predecessor-version":[{"id":9033,"href":"https:\/\/www.amchambaq.com\/es_co\/wp-json\/wp\/v2\/posts\/9031\/revisions\/9033"}],"wp:featuredmedia":[{"embeddable":true,"href":"https:\/\/www.amchambaq.com\/es_co\/wp-json\/wp\/v2\/media\/9032"}],"wp:attachment":[{"href":"https:\/\/www.amchambaq.com\/es_co\/wp-json\/wp\/v2\/media?parent=9031"}],"wp:term":[{"taxonomy":"category","embeddable":true,"href":"https:\/\/www.amchambaq.com\/es_co\/wp-json\/wp\/v2\/categories?post=9031"},{"taxonomy":"post_tag","embeddable":true,"href":"https:\/\/www.amchambaq.com\/es_co\/wp-json\/wp\/v2\/tags?post=9031"}],"curies":[{"name":"wp","href":"https:\/\/api.w.org\/{rel}","templated":true}]}}