{"id":8999,"date":"2022-02-02T09:30:07","date_gmt":"2022-02-02T14:30:07","guid":{"rendered":"https:\/\/www.amchambaq.com\/?p=8999"},"modified":"2022-02-02T09:30:07","modified_gmt":"2022-02-02T14:30:07","slug":"crecimiento-de-la-economia-ayudara-a-recuperar-el-empleo-plata","status":"publish","type":"post","link":"https:\/\/www.amchambaq.com\/es_co\/crecimiento-de-la-economia-ayudara-a-recuperar-el-empleo-plata\/","title":{"rendered":"Crecimiento de la econom\u00eda ayudar\u00e1 a recuperar el empleo: Plata"},"content":{"rendered":"<p>Las condiciones para que\u00a0<strong>Barranquilla<\/strong>\u00a0siga avanzando en la recuperaci\u00f3n de los indicadores del mercado laboral en 2022 est\u00e1n dadas, asegur\u00f3 el secretario de Desarrollo Econ\u00f3mico del Distrito, Ricardo Plata Sarabia.<\/p>\n<p>El funcionario afirm\u00f3 que tras cerrar el cuarto trimestre del a\u00f1o pasado con la\u00a0<strong>tasa de desempleo<\/strong>\u00a0m\u00e1s baja del pa\u00eds (8,7 %), la proyecci\u00f3n para este a\u00f1o es que se siga reduciendo y para ello, son varias las apuestas que se desarrollan centradas en la recuperaci\u00f3n y generaci\u00f3n de empleo.<\/p>\n<p>\u201cEn diciembre la tasa de desempleo fue de 8,2 %, menor a la del mismo mes de 2019 que era de 8,6 %, esto quiere decir que estamos en los\u00a0<strong>niveles prepandemia\u00a0<\/strong>y la expectativa era llegar a esto en 2022\u201d, indic\u00f3 Plata Sarabia en entrevista con\u00a0<a href=\"https:\/\/www.elheraldo.co\/\" target=\"_blank\" rel=\"noopener\">EL HERALDO<\/a>.<\/p>\n<p>Uno de los principales retos que tiene la administraci\u00f3n distrital es seguir avanzando en la\u00a0<strong>reducci\u00f3n<\/strong>\u00a0de la proporci\u00f3n de informalidad laboral en la ciudad, la cual pas\u00f3 del 59,9 % en el \u00faltimo trimestre de 2020 a 55,1 % en el mismo periodo de 2021, con una reducci\u00f3n de 4,8 puntos porcentuales.<\/p>\n<p>\u201cSigue siendo alta, pues la proporci\u00f3n es m\u00e1s de la mitad de la poblaci\u00f3n ocupada, por eso reducir la\u00a0<strong>informalidad<\/strong>\u00a0es la prioridad de nuestra estrategia de pol\u00edtica de desarrollo econ\u00f3mico. Actualmente, regresamos a los niveles de prepandemia y eso es importante pues desde hace muchos venimos trabajando en este frente\u201d, detall\u00f3.<\/p>\n<p>La recuperaci\u00f3n de los indicadores del mercado laboral est\u00e1 asociada al crecimiento de otros sectores como el\u00a0<strong>comercio y la industria<\/strong>\u00a0que son los mayores generadores de empleo.<\/p>\n<p>A noviembre las ventas del comercio minorista aumentaron en 17,4 % respecto a 2020 y la\u00a0<strong>producci\u00f3n industrial\u00a0<\/strong>creci\u00f3 19,2 % frente al 2020. Estos sectores registran crecimientos hist\u00f3ricos.<\/p>\n<p>Entre los programas que impulsan el empleo est\u00e1n Ingl\u00e9s para el Empleo, enfocado en j\u00f3venes,<strong>\u00a0EmpoderaTech<\/strong>, al igual que la Unidad de Apoyo al Empresario y el Centro de Oportunidades de la Secretar\u00eda de Desarrollo Econ\u00f3mico.<\/p>\n<p>\u201cCuando vemos que la tasa de desempleo es la m\u00e1s baja de Colombia y que hay una\u00a0<strong>recuperaci\u00f3n tangible<\/strong>\u00a0del comercio minorista, de la producci\u00f3n industrial y del comercio exterior, comenzamos a ver una foto completa de por qu\u00e9 nuestra din\u00e1mica est\u00e1 en una situaci\u00f3n muy favorable que nos hace ser optimistas frente a este a\u00f1o\u201d, destac\u00f3 el funcionario.<\/p>\n<p>A esto se suman las expectativas que generan los avances alcanzados en el sector de turismo de negocios y eventos, donde\u00a0<strong>Barranquilla\u00a0<\/strong>se comienza a posicionar como un importante destino para todo tipo de eventos bien sean culturales, deportivos, multilaterales y otros.<\/p>\n<p>En cuanto a lo que ser\u00e1 el Carnaval 2022 que se realizar\u00e1 en marzo, indic\u00f3 que hay buenas expectativas frente a su\u00a0<strong>impacto\u00a0<\/strong>econ\u00f3mico para la ciudad y destac\u00f3 que el cambio de fecha se asume con un gran desaf\u00edo que implica la protecci\u00f3n de la salud de los barranquilleros y visitantes y la recuperaci\u00f3n todos los actores relacionados con este evento.<\/p>\n<p>\u201cBarranquilla ha encontrado en medio de una situaci\u00f3n compleja y adversa que a\u00fan afecta a muchos\u00a0<strong>ciudadanos<\/strong>, avanzar en capturar un valor econ\u00f3mico que no hab\u00edamos podido lograr. Pensamos que 2022 ser\u00e1 el mejor a\u00f1o de la historia econ\u00f3mica de la ciudad\u201d, agreg\u00f3.<\/p>\n<p>Tomado de: EL HERALDO<\/p>\n","protected":false},"excerpt":{"rendered":"<p>Las condiciones para que\u00a0Barranquilla\u00a0siga avanzando en la recuperaci\u00f3n de los indicadores del mercado laboral en 2022 est\u00e1n dadas, asegur\u00f3 el secretario de Desarrollo Econ\u00f3mico del Distrito, Ricardo Plata Sarabia. El funcionario afirm\u00f3 que tras cerrar el cuarto trimestre del a\u00f1o pasado con la\u00a0tasa de desempleo\u00a0m\u00e1s baja del pa\u00eds (8,7 %), la proyecci\u00f3n para este a\u00f1o<\/p>\n","protected":false},"author":1,"featured_media":9000,"comment_status":"closed","ping_status":"closed","sticky":false,"template":"","format":"standard","meta":{"footnotes":""},"categories":[181],"tags":[],"class_list":["post-8999","post","type-post","status-publish","format-standard","has-post-thumbnail","hentry","category-noticias"],"views":95,"_links":{"self":[{"href":"https:\/\/www.amchambaq.com\/es_co\/wp-json\/wp\/v2\/posts\/8999","targetHints":{"allow":["GET"]}}],"collection":[{"href":"https:\/\/www.amchambaq.com\/es_co\/wp-json\/wp\/v2\/posts"}],"about":[{"href":"https:\/\/www.amchambaq.com\/es_co\/wp-json\/wp\/v2\/types\/post"}],"author":[{"embeddable":true,"href":"https:\/\/www.amchambaq.com\/es_co\/wp-json\/wp\/v2\/users\/1"}],"replies":[{"embeddable":true,"href":"https:\/\/www.amchambaq.com\/es_co\/wp-json\/wp\/v2\/comments?post=8999"}],"version-history":[{"count":1,"href":"https:\/\/www.amchambaq.com\/es_co\/wp-json\/wp\/v2\/posts\/8999\/revisions"}],"predecessor-version":[{"id":9001,"href":"https:\/\/www.amchambaq.com\/es_co\/wp-json\/wp\/v2\/posts\/8999\/revisions\/9001"}],"wp:featuredmedia":[{"embeddable":true,"href":"https:\/\/www.amchambaq.com\/es_co\/wp-json\/wp\/v2\/media\/9000"}],"wp:attachment":[{"href":"https:\/\/www.amchambaq.com\/es_co\/wp-json\/wp\/v2\/media?parent=8999"}],"wp:term":[{"taxonomy":"category","embeddable":true,"href":"https:\/\/www.amchambaq.com\/es_co\/wp-json\/wp\/v2\/categories?post=8999"},{"taxonomy":"post_tag","embeddable":true,"href":"https:\/\/www.amchambaq.com\/es_co\/wp-json\/wp\/v2\/tags?post=8999"}],"curies":[{"name":"wp","href":"https:\/\/api.w.org\/{rel}","templated":true}]}}