{"id":8997,"date":"2022-02-02T09:27:50","date_gmt":"2022-02-02T14:27:50","guid":{"rendered":"https:\/\/www.amchambaq.com\/?p=8997"},"modified":"2022-02-02T09:27:50","modified_gmt":"2022-02-02T14:27:50","slug":"debemos-tener-un-ritmo-de-crecimiento-economico-entre-55-y-6-todos-los-anos","status":"publish","type":"post","link":"https:\/\/www.amchambaq.com\/es_co\/debemos-tener-un-ritmo-de-crecimiento-economico-entre-55-y-6-todos-los-anos\/","title":{"rendered":"&#8220;Debemos tener un ritmo de crecimiento econ\u00f3mico entre 5,5% y 6% todos los a\u00f1os&#8221;"},"content":{"rendered":"<p>Varios hechos han puesto a Colombia en las noticias del mundo durante la \u00faltima semana. Una de ellas es que el pa\u00eds firm\u00f3, junto a la Alianza del Pac\u00edfico, un Tratado de Libre Comercio (TLC) con Singapur, tambi\u00e9n entreg\u00f3 su presidencia Pro Tempore de Prosur y fue anfitri\u00f3n de la Cumbre Caricom, que buscaba fortalecer las relaciones con los pa\u00edses del Caribe.<\/p>\n<p>Adem\u00e1s, el pasado lunes Colombia prendi\u00f3 las alarmas por un informe sobre inseguridad alimentaria de la Organizaci\u00f3n de las Naciones Unidas para la Alimentaci\u00f3n y la Agricultura (FAO, por sus siglas en ingl\u00e9s) en el que calificaba al pa\u00eds como uno de los puntos focales de hambre en el mundo.<\/p>\n<p>En ese contexto, LR convers\u00f3 con la vicepresidente y canciller Marta Luc\u00eda Ram\u00edrez, quien se refiri\u00f3 a estos temas que impactan la imagen de Colombia en el exterior y sobre otros puntos de car\u00e1cter dom\u00e9stico, como la Ley de Transparencia y la pol\u00e9mica por las citas de los pasaportes.<\/p>\n<p><strong>\u00bfSe excedi\u00f3 la FAO con su informe?<\/strong><\/p>\n<p>Hay una gran equivocaci\u00f3n, sobre todo en el mapa que publica la\u00a0<u>FAO<\/u>\u00a0en donde hace aparecer a Colombia como uno de los peores pa\u00edses del mundo en materia de seguridad alimentaria y eso no corresponde a la realidad.<\/p>\n<p>Primero, este es un pa\u00eds, que como todos, tuvo un retroceso econ\u00f3mico muy grande a ra\u00edz de la pandemia. Retrocedimos en pobreza y cuando esto sucede significa que muchas familias no tienen los suficientes ingresos para comer tres comidas diarias. Por eso el Gobierno se preocup\u00f3 de que hubiera abastecimiento alimentario, en aumentar la producci\u00f3n y oferta en la cadena agropecuaria, y en darle ingresos a las familias m\u00e1s vulnerables.<\/p>\n<p><strong>\u00bfHay errores, entonces, en la estrategia internacional del Gobierno?<\/strong><\/p>\n<p>Colombia es un pa\u00eds que est\u00e1 siempre en las noticias de las agencias internacionales. Hay tantas en el pa\u00eds que siempre alguna tiene que estar produciendo informes. Son muchos los que son positivos y que pasan desapercibidos. Es siempre lo negativo lo que tiene el mayor foco de las c\u00e1maras.<\/p>\n<p>En estos temas tan sensibles es importante que las agencias trabajen de manera coordinada con distintos ministerios para que cuando produzcan sus informes puedan contrastar su informaci\u00f3n con la que tiene el Gobierno para, al final del d\u00eda, sacar cifras que sean veraces.<\/p>\n<p><strong>\u00bfC\u00f3mo se lleg\u00f3 al TLC con Singapur?<\/strong><\/p>\n<p>El proceso no lo hizo un solo pa\u00eds. Por iniciativa de Alan Garc\u00eda, expresidente de Per\u00fa, ya hace 10 a\u00f1os, se cre\u00f3 la Alianza del Pac\u00edfico para crear una relaci\u00f3n comercial y encontramos tanto inter\u00e9s en el mundo, tanto que hoy en d\u00eda hay cerca de 60 pa\u00edses en lista como observadores. Uno de ellos era Singapur.<\/p>\n<p>La estrategia de Colombia en su presidencia Pro Tempore de la Alianza fue acelerar la negociaci\u00f3n con ese pa\u00eds, que es una de las principales econom\u00edas del mundo, pues es el n\u00famero uno en competitividad. Esto para nosotros es muy importante, porque tener estos socios del Asia contribuir\u00e1 a darle estabilidad a la Alianza del Pac\u00edfico. Ahora es M\u00e9xico el presidente pero seguiremos insistiendo en que se acelere el ritmo con pa\u00edses como Corea del Sur, Canad\u00e1, Australia y Nueva Zelanda.<\/p>\n<p><strong>\u00bfQu\u00e9 tan r\u00e1pido se puede dar ese ingreso?<\/strong><\/p>\n<p>El ingreso de Singapur se tom\u00f3 un poco m\u00e1s de dos a\u00f1os. Nuestras conversaciones con otros pa\u00edses est\u00e1n muy avanzadas. Esperamos que en el mandato Pro Tempore de M\u00e9xico se concluyan las conversaciones con Canad\u00e1, Australia y Nueva Zelanda. Tambi\u00e9n se anunci\u00f3 la negociaci\u00f3n con Ecuador.<\/p>\n<p><strong>\u00bfC\u00f3mo avanza la integraci\u00f3n de las bolsas con Per\u00fa y Chile?<\/strong><\/p>\n<p>Es un tema que se ha trabajado por muchos a\u00f1os. Esto nos va a dar una fuerza adicional muy importante para tener m\u00e1s recursos para financiar a las empresas del sector real. En este mercado integrado de valores vamos a poder tener a m\u00e1s empresas colombianas listadas en esas bolsas y habr\u00e1 m\u00e1s apetito de los inversionistas. Este es un gran acuerdo.<\/p>\n<p><strong>\u00bfHay inter\u00e9s del pa\u00eds para unirse al Foro Apec?<\/strong><\/p>\n<p>Esa es una de las principales prioridades de Colombia. La verdad es que es uno de los temas en los que nuestro pa\u00eds se descuid\u00f3 hace 30 a\u00f1os y el Foro Apec es uno de los m\u00e1s importantes en esta relaci\u00f3n econ\u00f3mica entre el Pac\u00edfico.<\/p>\n<p>Colombia ha manifestado su inter\u00e9s de ingresar al Apec. Desafortunadamente ellos decidieron frenar el ingreso de nuevos miembros desde hace ya varios a\u00f1os, pero hemos insistido a trav\u00e9s de Estados Unidos, Corea del Sur, Per\u00fa y M\u00e9xico, que queremos ingresar al Apec porque eso nos da mayor cercan\u00eda a las econom\u00edas asi\u00e1ticas, que son las que van a jalonar el crecimiento econ\u00f3mico mundial.<\/p>\n<p><strong>\u00bfCu\u00e1les fueron los logros de Colombia durante su presidencia de Prosur?<\/strong><\/p>\n<p>Prosur no es un acuerdo de comercio, sino un foro de di\u00e1logo pol\u00edtico, en donde lo que m\u00e1s se ha defendido es la democracia, la solidez institucional y el Estado de Derecho.<\/p>\n<p>Por ejemplo, durante los meses de confinamiento intercambiamos apoyo en el manejo sanitario, y hemos planteado la posibilidad de que estos pa\u00edses se unan para adquirir juntos los insumos m\u00e9dicos que vamos a seguir necesitando en el futuro.<\/p>\n<p>Para Colombia tambi\u00e9n ha sido importante trabajar en temas energ\u00e9ticos para convertir nuestra regi\u00f3n en una potencia de energ\u00edas renovables no convencionales. Pensamos que en el futuro podemos ser una potencia que exporte hidr\u00f3geno verde. Tambi\u00e9n se est\u00e1 trabajando en una cartera de proyectos de infraestructura para tener mayor integraci\u00f3n f\u00edsica entre los pa\u00edses<\/p>\n<p><strong>\u00bfYa se normaliz\u00f3 el tema de la expedici\u00f3n y renovaci\u00f3n de pasaportes?<\/strong><\/p>\n<p>Fue y sigue siendo un dolor de cabeza porque durante 2020, cuando todo estuvo cerrado, se represaron cerca de 700.000 pasaportes. En 2021 vinieron nuevas solicitudes y tal fue la avalancha que sobrepas\u00f3 la capacidad de atenci\u00f3n de citas y las capacidades de producci\u00f3n.<\/p>\n<p>La firma que hace los pasaportes se vio frenada por las cadenas de abastecimiento en el mundo entero, por lo que no se pod\u00eda atender toda la demanda. De hecho, llegamos a tener 1,2 millones de pasaportes represados entre octubre y diciembre.<\/p>\n<p>Pasamos de producir 59.000 pasaportes mensuales en mayo a producir 150.000. Eso demuestra la intensidad del trabajo que hemos tenido.<\/p>\n<p>En el mes de marzo ya vamos a estar con la operaci\u00f3n totalmente normal. En este momento estamos expidiendo cerca de 200.000 pasaportes mensuales y eso ha reducido la presi\u00f3n que hemos tenido. A partir de la pr\u00f3xima semana vamos a tener un punto de atenci\u00f3n adicional en Corferias.<\/p>\n<p><strong>\u00bfRenovar\u00e1n la licitaci\u00f3n con esta firma antes de terminar Gobierno?<\/strong><\/p>\n<p>Personalmente, nunca soy amiga de dejar hechos cumplidos al Gobierno que sigue, me parece una falta de respeto. Esa licitaci\u00f3n hay que hacerla a mediados de a\u00f1o y espero que el pr\u00f3ximo Gobierno tome la decisi\u00f3n que m\u00e1s le convenga al pa\u00eds.<\/p>\n<p><strong>\u00bfQu\u00e9 opina de las giras de los candidatos a la Presidencia por otros pa\u00edses?<\/strong><\/p>\n<p>Cualquier candidato est\u00e1 en su libertad de buscar votos de los colombianos que residen en el exterior en cualquier pa\u00eds. Lo que es distinto es que el presidente de un pa\u00eds reciba a un precandidato a la Presidencia de otro pa\u00eds, lo que no es usual y es inaceptable es que en una reuni\u00f3n se descalifique al pa\u00eds como lo hizo un viceministro espa\u00f1ol.<\/p>\n<p>Qu\u00e9 tal nosotros ac\u00e1 descalificando al Gobierno de Pedro S\u00e1nchez o a cualquier otro Gobierno democr\u00e1ticamente elegido. Siempre reivindicaremos la autonom\u00eda de los colombianos de escoger a su presidente y no queremos que haya interferencia de ning\u00fan Gobierno extranjero.<\/p>\n<p><strong>\u00bfQu\u00e9 destaca de la sancionada Ley de\u00a0<u>Transparencia<\/u>?<\/strong><\/p>\n<p>Queremos focalizar la atenci\u00f3n en la prevenci\u00f3n porque muchos a\u00f1os se ha hablado de la corrupci\u00f3n de qu\u00e9 m\u00e1s castigos podemos poner. Por supuesto que hay que castigar, pero lo m\u00e1s importante es evitar que haya corrupci\u00f3n.<\/p>\n<p>Esta Ley tiene varios elementos novedosos. Por ejemplo, hay una responsabilidad jur\u00eddica de las empresas y se establecen sanciones para las compa\u00f1\u00edas, que puede llegar a la liquidaci\u00f3n de registro.<\/p>\n<p>Asimismo, queremos identificar qui\u00e9nes son los beneficiarios reales de la contrataci\u00f3n. Inclusive, aspiro a que haya una solidaridad entre las empresas para que no defrauden los intereses del Estado. Tambi\u00e9n hemos obligado a que cuando haya una sociedad con varios contratos con el Estado, lleve un centro de costos individual para cada licitaci\u00f3n, para que no se confundan los recursos.<\/p>\n<p><strong>\u00bfCu\u00e1l es el siguiente paso en pol\u00edtica alimentaria?<\/strong><\/p>\n<p>Seguir fortaleciendo la oferta y la demanda, con financiaci\u00f3n, asistencia t\u00e9cnica y comercializaci\u00f3n. Por el lado de la demanda vamos a trabajar para que las familias tengan m\u00e1s ingresos y m\u00e1s capacidad adquisitiva, por medio de empleos.<\/p>\n<p>Esto va de la mano con la reactivaci\u00f3n econ\u00f3mica. El haber logrado el a\u00f1o pasado un crecimiento de cerca a 10% es muy positivo, pero no es suficiente. Debemos mantener un ritmo de crecimiento entre 5,5% y 6% todos los a\u00f1os para lograr erradicar la pobreza extrema y reducir la pobreza monetaria a una cifra de un d\u00edgito en 2030.<\/p>\n<p><strong>\u00bfC\u00f3mo ser\u00e1 recordado este Gobierno?<\/strong><\/p>\n<p>Eso es muy dif\u00edcil porque uno entra al Gobierno queriendo que la impronta sea una y la realidad le va a cambiando a uno el tablero de juego. Con el presidente Iv\u00e1n Duque coincidimos en nuestro compromiso por la equidad y en reducir las desigualdades. Eso aparece en nuestro \u00e9nfasis y en mi obsesi\u00f3n de cerrar las brechas de g\u00e9nero. Esa es la impronta que a uno le gustar\u00eda que quedara. No obstante, al final nos ha tocado ser el Gobierno de la pandemia y creo que el juicio de la historia ser\u00e1 benigno porque supimos vacunar r\u00e1pidamente y por la buena reactivaci\u00f3n econ\u00f3mica.<\/p>\n<p>Tomado de: LA REP\u00daBLICA<\/p>\n","protected":false},"excerpt":{"rendered":"<p>Varios hechos han puesto a Colombia en las noticias del mundo durante la \u00faltima semana. Una de ellas es que el pa\u00eds firm\u00f3, junto a la Alianza del Pac\u00edfico, un Tratado de Libre Comercio (TLC) con Singapur, tambi\u00e9n entreg\u00f3 su presidencia Pro Tempore de Prosur y fue anfitri\u00f3n de la Cumbre Caricom, que buscaba fortalecer<\/p>\n","protected":false},"author":1,"featured_media":8773,"comment_status":"closed","ping_status":"closed","sticky":false,"template":"","format":"standard","meta":{"footnotes":""},"categories":[181],"tags":[],"class_list":["post-8997","post","type-post","status-publish","format-standard","has-post-thumbnail","hentry","category-noticias"],"views":66,"_links":{"self":[{"href":"https:\/\/www.amchambaq.com\/es_co\/wp-json\/wp\/v2\/posts\/8997","targetHints":{"allow":["GET"]}}],"collection":[{"href":"https:\/\/www.amchambaq.com\/es_co\/wp-json\/wp\/v2\/posts"}],"about":[{"href":"https:\/\/www.amchambaq.com\/es_co\/wp-json\/wp\/v2\/types\/post"}],"author":[{"embeddable":true,"href":"https:\/\/www.amchambaq.com\/es_co\/wp-json\/wp\/v2\/users\/1"}],"replies":[{"embeddable":true,"href":"https:\/\/www.amchambaq.com\/es_co\/wp-json\/wp\/v2\/comments?post=8997"}],"version-history":[{"count":1,"href":"https:\/\/www.amchambaq.com\/es_co\/wp-json\/wp\/v2\/posts\/8997\/revisions"}],"predecessor-version":[{"id":8998,"href":"https:\/\/www.amchambaq.com\/es_co\/wp-json\/wp\/v2\/posts\/8997\/revisions\/8998"}],"wp:featuredmedia":[{"embeddable":true,"href":"https:\/\/www.amchambaq.com\/es_co\/wp-json\/wp\/v2\/media\/8773"}],"wp:attachment":[{"href":"https:\/\/www.amchambaq.com\/es_co\/wp-json\/wp\/v2\/media?parent=8997"}],"wp:term":[{"taxonomy":"category","embeddable":true,"href":"https:\/\/www.amchambaq.com\/es_co\/wp-json\/wp\/v2\/categories?post=8997"},{"taxonomy":"post_tag","embeddable":true,"href":"https:\/\/www.amchambaq.com\/es_co\/wp-json\/wp\/v2\/tags?post=8997"}],"curies":[{"name":"wp","href":"https:\/\/api.w.org\/{rel}","templated":true}]}}