{"id":8969,"date":"2022-01-28T09:17:42","date_gmt":"2022-01-28T14:17:42","guid":{"rendered":"https:\/\/www.amchambaq.com\/?p=8969"},"modified":"2022-01-28T09:17:42","modified_gmt":"2022-01-28T14:17:42","slug":"barranquilla-sera-la-sede-de-la-conferencia-de-ministros-de-justicia-de-iberoamerica","status":"publish","type":"post","link":"https:\/\/www.amchambaq.com\/es_co\/barranquilla-sera-la-sede-de-la-conferencia-de-ministros-de-justicia-de-iberoamerica\/","title":{"rendered":"Barranquilla ser\u00e1 la sede de la Conferencia de Ministros de Justicia de Iberoam\u00e9rica"},"content":{"rendered":"<p><strong>Este evento de talla mundial se llevar\u00e1 a cabo en la capital del Atl\u00e1ntico los d\u00edas 15, 16 y 17 de febrero pr\u00f3ximos, celebrando el 50 aniversario de esta cumbre.<\/strong><\/p>\n<p>Barranquilla se sigue consolidando como la capital de los grandes eventos de Colombia y ahora acoger\u00e1\u00a0la Conferencia de Ministros de Justicia de Iberoam\u00e9rica (COMJIB), que\u00a0celebrar\u00e1 en esta ciudad su 50 aniversario.<\/p>\n<p>Tras recibir el Congreso Mundial de Juristas, el pasado mes de diciembre, ahora se prepara para un evento que pondr\u00e1 a la ciudad nuevamente como centro del debate de temas como la aplicaci\u00f3n de justicia, derechos y futuro de la democracia.<\/p>\n<p>La confirmaci\u00f3n la hizo el ministro de Justicia, Wilson Ruiz Orejuela, luego de una reuni\u00f3n con el alcalde de Barranquilla, Jaime Pumarejo Heins, y el secretario de Desarrollo Econ\u00f3mico, Ricardo Plata.<\/p>\n<p>Este encuentro marcar\u00e1 un hito en la trayectoria de los 22 pa\u00edses que componen la Comunidad Iberoamericana de Naciones, puesto que fungir\u00e1 como el punto de inflexi\u00f3n entre el an\u00e1lisis del camino recorrido durante medio siglo y la definici\u00f3n de los objetivos de pol\u00edticas p\u00fablicas de justicia para los pr\u00f3ximos a\u00f1os.<\/p>\n<p>Durante los tres d\u00edas en la capital del Atl\u00e1ntico\u00a0har\u00e1n presencia y participar\u00e1n las personalidades m\u00e1s destacadas de los principales sistemas de justicia del mundo y representantes de organismos referentes en la materia.<\/p>\n<p>El alcalde destac\u00f3 que los barranquilleros son los mejores anfitriones, lo que se ha visto reflejado en seguir atrayendo m\u00e1s eventos que impactan en la econom\u00eda de la ciudad. \u201cEstamos contentos de recibir la Conferencia de Ministros de Justicia de los pa\u00edses de Iberoam\u00e9rica. Este es un espaldarazo m\u00e1s a la apuesta de Barranquilla de seguir acogiendo grandes eventos que representan un hito para nuestra ciudad, y que nos ratifican como la capital de los grandes eventos\u201d, expres\u00f3 Pumarejo.<\/p>\n<p>Por su parte, el ministro Wilson Ruiz celebr\u00f3 la designaci\u00f3n de Barranquilla\u00a0que, durante los d\u00edas 15,16 y 17 de febrero, ser\u00e1 la casa de los ministros de Justicia de Iberoam\u00e9rica.<\/p>\n<p>\u201cDesde ya auguramos grandes \u00e9xitos para esta conferencia mundial, en la que se ha escogido a Colombia y nuevamente a la ciudad de Barranquilla para su desarrollo. Ya han confirmado varios ministros de Justicia como el de Cuba, el de Argentina, el de Chile, el de Espa\u00f1a. Viene, adem\u00e1s, el secretario general de la Conferencia de Ministros de Justicia de Iberoam\u00e9rica, Enrique Gil Botero, de modo que vamos a hacer esta conferencia durante estos tres d\u00edas\u201d, indic\u00f3.<\/p>\n<p>En esta oportunidad, se honrar\u00e1 el compromiso asumido por las diferentes naciones en la XXI Asamblea Plenaria de Medell\u00edn. Es importante destacar que el Tratado Relativo a la Transmisi\u00f3n Electr\u00f3nica de Solicitudes de Cooperaci\u00f3n Jur\u00eddica Internacional entre Autoridades Centrales, conocido como el Tratado de Medell\u00edn, cuenta con una nueva firma. La Rep\u00fablica del Ecuador se convirti\u00f3 en el und\u00e9cimo pa\u00eds en firmar el Tratado que agilizar\u00e1 la cooperaci\u00f3n jur\u00eddica internacional, promovido por la COMJIB.<\/p>\n<p>La L\u00ednea de trabajo de COMJIB sobre Cooperaci\u00f3n jur\u00eddica Internacional, IberRed, y lucha contra el crimen organizado transnacional\u00a0ha preparado una serie de preguntas frecuentes con respuestas que ayudar\u00e1n a entender mejor el prop\u00f3sito y el funcionamiento del Tratado de Medell\u00edn.<\/p>\n<p>Podr\u00e1n descargar el documento a trav\u00e9s del siguiente enlace:\u00a0<a href=\"https:\/\/comjib.org\/wp-content\/uploads\/2021\/07\/Preguntas-frecuentesTratado-de-Medellin-ES.pdf\" target=\"_blank\" rel=\"noopener\" data-saferedirecturl=\"https:\/\/www.google.com\/url?q=https:\/\/comjib.org\/wp-content\/uploads\/2021\/07\/Preguntas-frecuentesTratado-de-Medellin-ES.pdf&amp;source=gmail&amp;ust=1643465736038000&amp;usg=AOvVaw0hFDKZ5DeBLbTjRlCOj4Tu\">https:\/\/comjib.org\/wp-content\/<wbr \/>uploads\/2021\/07\/Preguntas-<wbr \/>frecuentesTratado-de-Medellin-<wbr \/>ES.pdf<\/a><\/p>\n<p>En Barranquilla se dar\u00e1, principalmente, la celebraci\u00f3n por el medio siglo de trabajo compartido, basado en la solidaridad de nuestros pueblos e inspirados en dotar a la regi\u00f3n iberoamericana de un espacio jur\u00eddico promotor de la paz, la concordia y el fortalecimiento del Estado de Derecho y de la Democracia, con la ciudadan\u00eda en el centro de nuestras acciones. En este marco, renovaremos nuestro compromiso de trabajar por una justicia m\u00e1s cercana, m\u00e1s moderna, m\u00e1s eficiente, para alcanzar una sociedad m\u00e1s inclusiva y equitativa, sin dejar a nadie atr\u00e1s.<\/p>\n","protected":false},"excerpt":{"rendered":"<p>Este evento de talla mundial se llevar\u00e1 a cabo en la capital del Atl\u00e1ntico los d\u00edas 15, 16 y 17 de febrero pr\u00f3ximos, celebrando el 50 aniversario de esta cumbre. Barranquilla se sigue consolidando como la capital de los grandes eventos de Colombia y ahora acoger\u00e1\u00a0la Conferencia de Ministros de Justicia de Iberoam\u00e9rica (COMJIB), que\u00a0celebrar\u00e1<\/p>\n","protected":false},"author":1,"featured_media":8970,"comment_status":"closed","ping_status":"closed","sticky":false,"template":"","format":"standard","meta":{"footnotes":""},"categories":[181],"tags":[],"class_list":["post-8969","post","type-post","status-publish","format-standard","has-post-thumbnail","hentry","category-noticias"],"views":67,"_links":{"self":[{"href":"https:\/\/www.amchambaq.com\/es_co\/wp-json\/wp\/v2\/posts\/8969","targetHints":{"allow":["GET"]}}],"collection":[{"href":"https:\/\/www.amchambaq.com\/es_co\/wp-json\/wp\/v2\/posts"}],"about":[{"href":"https:\/\/www.amchambaq.com\/es_co\/wp-json\/wp\/v2\/types\/post"}],"author":[{"embeddable":true,"href":"https:\/\/www.amchambaq.com\/es_co\/wp-json\/wp\/v2\/users\/1"}],"replies":[{"embeddable":true,"href":"https:\/\/www.amchambaq.com\/es_co\/wp-json\/wp\/v2\/comments?post=8969"}],"version-history":[{"count":1,"href":"https:\/\/www.amchambaq.com\/es_co\/wp-json\/wp\/v2\/posts\/8969\/revisions"}],"predecessor-version":[{"id":8971,"href":"https:\/\/www.amchambaq.com\/es_co\/wp-json\/wp\/v2\/posts\/8969\/revisions\/8971"}],"wp:featuredmedia":[{"embeddable":true,"href":"https:\/\/www.amchambaq.com\/es_co\/wp-json\/wp\/v2\/media\/8970"}],"wp:attachment":[{"href":"https:\/\/www.amchambaq.com\/es_co\/wp-json\/wp\/v2\/media?parent=8969"}],"wp:term":[{"taxonomy":"category","embeddable":true,"href":"https:\/\/www.amchambaq.com\/es_co\/wp-json\/wp\/v2\/categories?post=8969"},{"taxonomy":"post_tag","embeddable":true,"href":"https:\/\/www.amchambaq.com\/es_co\/wp-json\/wp\/v2\/tags?post=8969"}],"curies":[{"name":"wp","href":"https:\/\/api.w.org\/{rel}","templated":true}]}}