{"id":8932,"date":"2022-01-24T08:37:24","date_gmt":"2022-01-24T13:37:24","guid":{"rendered":"https:\/\/www.amchambaq.com\/?p=8932"},"modified":"2022-01-24T08:37:24","modified_gmt":"2022-01-24T13:37:24","slug":"50-emprendedores-del-atlantico-recibieron-recursos-para-crear-empresas","status":"publish","type":"post","link":"https:\/\/www.amchambaq.com\/es_co\/50-emprendedores-del-atlantico-recibieron-recursos-para-crear-empresas\/","title":{"rendered":"50 emprendedores del Atl\u00e1ntico recibieron recursos para crear empresas"},"content":{"rendered":"<p>El Fondo Emprender hizo posible que 50 emprendedores del Atl\u00e1ntico logren materializar\u00a0 sus ideas de negocio a trav\u00e9s de la entrega de cheques simb\u00f3licos avalados en recursos que superan los $3.960 millones.<\/p>\n<p>Seg\u00fan la directora regional Atl\u00e1ntico del Servicio Nacional de Aprendizaje (Sena), Jacqueline Rojas, la entidad pretende que mediante estas entregas se siga impulsando el emprendimiento en el departamento, un aspecto que impacta en la reactivaci\u00f3n econ\u00f3mica y mejora la vida laboral de los atlanticenses.<\/p>\n<p>\u201cEl Sena busca promover el emprendimiento en el departamento a trav\u00e9s de recursos de apalancamiento y garantizar no solo la creaci\u00f3n de nuevas empresas, sino una ruta hacia la generaci\u00f3n de m\u00e1s empleo digno, decente y formal, y seguir impactando en el territorio con nuevas oportunidades de crecimiento, desarrollo social y productividad\u2019\u2019, expres\u00f3 la directora.<\/p>\n<div class=\"field-item odd\">\n<div class=\"entity entity-paragraphs-item paragraphs-item-descripcion\">\n<div class=\"content\">\n<div class=\"field field-name-field-descripcion field-type-text-long field-label-hidden\">\n<div class=\"field-items\">\n<div class=\"field-item even\">\n<p>En medio del taller \u2018Construyendo Pa\u00eds\u2019 en el municipio de Repel\u00f3n, el presidente Iv\u00e1n Duque M\u00e1rquez realiz\u00f3 su pronunciamiento, expresando que gracias a este\u00a0 capital semilla sus beneficiarios podr\u00e1n contribuir a la generaci\u00f3n de empleo en el Atl\u00e1ntico, lo que significar\u00edan 260 puestos de trabajo.<\/p>\n<p>\u201cEste es el testimonio de la Colombia de emprendimiento que llega a cada rinc\u00f3n del territorio. Quiero, de verdad, hacerle un reconocimiento a todo el equipo del Sena porque est\u00e1 en el territorio formando y aportando capital para el emprendimiento de nuestro pa\u00eds\u2019\u2019, afirm\u00f3 el mandatario.<\/p>\n<p>Por su parte, el director de Empleo y Emprendimiento del Sena, Hern\u00e1n Fuentes, record\u00f3 que durante 2021 el Fondo Emprender logr\u00f3 apoyar la creaci\u00f3n de 50 nuevas empresas, cifra que espera sostenerse para este nuevo a\u00f1o.<\/p>\n<\/div>\n<\/div>\n<\/div>\n<\/div>\n<\/div>\n<\/div>\n<div class=\"field-item even\">\n<div class=\"shares\"><strong>Beneficiarios<\/strong><\/div>\n<\/div>\n<div class=\"field-item odd\">\n<div class=\"entity entity-paragraphs-item paragraphs-item-descripcion\">\n<div class=\"content\">\n<div class=\"field field-name-field-descripcion field-type-text-long field-label-hidden\">\n<div class=\"field-items\">\n<div class=\"field-item even\">\n<p>Los protagonistas de estas entregas tambi\u00e9n expresaron su satisfacci\u00f3n por haber obtenido los recursos econ\u00f3micos para que sus ideas de negocio generen un crecimiento en el mercado.<\/p>\n<p>Una de ellas fue Ledys Esther D\u00edaz Herrera, campesina del municipio de Baranoa, quien manifest\u00f3 que lleva 15 a\u00f1os capacit\u00e1ndose con el Sena para perfeccionar su formaci\u00f3n.<\/p>\n<p>\u201cMe he formado para crecer. Que felicidad tan grande que el Ministerio de Agricultura se haya unido con el Sena para llevar a cabo esta convocatoria\u201d, dijo la mujer.<\/p>\n<p>TOMADO DE: EL HERALDO<\/p>\n<\/div>\n<\/div>\n<\/div>\n<\/div>\n<\/div>\n<\/div>\n","protected":false},"excerpt":{"rendered":"<p>El Fondo Emprender hizo posible que 50 emprendedores del Atl\u00e1ntico logren materializar\u00a0 sus ideas de negocio a trav\u00e9s de la entrega de cheques simb\u00f3licos avalados en recursos que superan los $3.960 millones. Seg\u00fan la directora regional Atl\u00e1ntico del Servicio Nacional de Aprendizaje (Sena), Jacqueline Rojas, la entidad pretende que mediante estas entregas se siga impulsando<\/p>\n","protected":false},"author":1,"featured_media":8933,"comment_status":"closed","ping_status":"closed","sticky":false,"template":"","format":"standard","meta":{"footnotes":""},"categories":[181],"tags":[],"class_list":["post-8932","post","type-post","status-publish","format-standard","has-post-thumbnail","hentry","category-noticias"],"views":116,"_links":{"self":[{"href":"https:\/\/www.amchambaq.com\/es_co\/wp-json\/wp\/v2\/posts\/8932","targetHints":{"allow":["GET"]}}],"collection":[{"href":"https:\/\/www.amchambaq.com\/es_co\/wp-json\/wp\/v2\/posts"}],"about":[{"href":"https:\/\/www.amchambaq.com\/es_co\/wp-json\/wp\/v2\/types\/post"}],"author":[{"embeddable":true,"href":"https:\/\/www.amchambaq.com\/es_co\/wp-json\/wp\/v2\/users\/1"}],"replies":[{"embeddable":true,"href":"https:\/\/www.amchambaq.com\/es_co\/wp-json\/wp\/v2\/comments?post=8932"}],"version-history":[{"count":1,"href":"https:\/\/www.amchambaq.com\/es_co\/wp-json\/wp\/v2\/posts\/8932\/revisions"}],"predecessor-version":[{"id":8934,"href":"https:\/\/www.amchambaq.com\/es_co\/wp-json\/wp\/v2\/posts\/8932\/revisions\/8934"}],"wp:featuredmedia":[{"embeddable":true,"href":"https:\/\/www.amchambaq.com\/es_co\/wp-json\/wp\/v2\/media\/8933"}],"wp:attachment":[{"href":"https:\/\/www.amchambaq.com\/es_co\/wp-json\/wp\/v2\/media?parent=8932"}],"wp:term":[{"taxonomy":"category","embeddable":true,"href":"https:\/\/www.amchambaq.com\/es_co\/wp-json\/wp\/v2\/categories?post=8932"},{"taxonomy":"post_tag","embeddable":true,"href":"https:\/\/www.amchambaq.com\/es_co\/wp-json\/wp\/v2\/tags?post=8932"}],"curies":[{"name":"wp","href":"https:\/\/api.w.org\/{rel}","templated":true}]}}