{"id":8926,"date":"2022-01-24T08:26:51","date_gmt":"2022-01-24T13:26:51","guid":{"rendered":"https:\/\/www.amchambaq.com\/?p=8926"},"modified":"2022-01-24T08:26:51","modified_gmt":"2022-01-24T13:26:51","slug":"gobierno-nacional-ratifica-apoyo-a-proyectos-claves-de-barranquilla","status":"publish","type":"post","link":"https:\/\/www.amchambaq.com\/es_co\/gobierno-nacional-ratifica-apoyo-a-proyectos-claves-de-barranquilla\/","title":{"rendered":"Gobierno nacional ratifica apoyo a proyectos claves de Barranquilla"},"content":{"rendered":"<p>Barranquilla, la ciudad modelo en reactivaci\u00f3n y la capital de los grandes eventos, recibi\u00f3 un nuevo espaldarazo por parte del presidente de la Rep\u00fablica, Iv\u00e1n Duque, para la ejecuci\u00f3n de obras que impactar\u00e1n en la calidad de vida de todos sus ciudadanos.<\/p>\n<p>As\u00ed lo manifest\u00f3 el jefe de Estado durante el taller \u2018Construyendo Pa\u00eds\u2019, que se realiz\u00f3 en el municipio de Repel\u00f3n, Atl\u00e1ntico. Ah\u00ed, el presidente Duque ratific\u00f3 el compromiso de su gobierno de seguir acompa\u00f1ando a Barranquilla, principalmente en su prop\u00f3sito para convertirse en la primera biodiverciudad de Colombia.<\/p>\n<p>En ese sentido, el presidente confirm\u00f3 que su apoyo seguir\u00e1 en la administraci\u00f3n del alcalde Jaime Pumarejo en uno de los planes m\u00e1s importantes de los \u00faltimos a\u00f1os, como es la recuperaci\u00f3n integral de la ci\u00e9naga de Mallorqu\u00edn. \u201cHay un proyecto entre ceja y ceja que va a distinguir su gesti\u00f3n en el cual lo queremos acompa\u00f1ar: el proyecto de la ci\u00e9naga de Mallorqu\u00edn, que va a convertir a Barranquilla en una Biodiverciudad\u201d, expres\u00f3 el presidente.<\/p>\n<p>Ya se instalaron los primeros pilotes que soportar\u00e1n las estructuras palaf\u00edticas por las cuales los visitantes podr\u00e1n caminar sobre la ci\u00e9naga de Mallorqu\u00edn. Senderos para la contemplaci\u00f3n y el avistamiento de aves, as\u00ed como ciclorrutas, har\u00e1n parte de esta primera fase.<\/p>\n<p>En su intervenci\u00f3n, el alcalde Jaime Pumarejo asegur\u00f3 que el turismo significa empleo, calidad de vida y brinda la oportunidad de aprender del mundo y so\u00f1ar con recibir un poco m\u00e1s, por lo que es significativo este respaldo. El mandatario distrital explic\u00f3 que con el Gobierno nacional se est\u00e1 cofinanciando el proyecto de la ci\u00e9naga de Mallorqu\u00edn, una de las obras m\u00e1s importantes de Colombia, a trav\u00e9s del Ministerio de Ambiente, que est\u00e1 aportando m\u00e1s de 100.000 millones de pesos.<\/p>\n<p>\u201cSon m\u00e1s de 1000 hect\u00e1reas de ci\u00e9naga, una playa frente al mar Caribe, que ser\u00e1 la primera playa urbana, la recuperaci\u00f3n del tren tur\u00edstico, que ser\u00e1 entre el barrio Las Flores y la playa de Puerto Mocho, y al mismo tiempo su recuperaci\u00f3n ambiental\u201d, indic\u00f3.<\/p>\n<p>Agreg\u00f3 que la ci\u00e9naga de Mallorqu\u00edn comprende m\u00e1s de 5 kil\u00f3metros de senderos para hacer turismo ecol\u00f3gico, donde habr\u00e1 embarcaciones de remo y vela. Tambi\u00e9n contar\u00e1 con un ecohotel, restaurantes y dem\u00e1s servicios. El alcalde recalc\u00f3 que todo se har\u00e1 de la mano con la comunidad de pescadores y con las personas que est\u00e1n ah\u00ed localizadas.<\/p>\n<p>\u201cPosicionaremos la Biodiverciudad, una ciudad que se da cuenta que tiene muchas cosas que ofrecer m\u00e1s all\u00e1 de lo urbano, m\u00e1s all\u00e1 de su cultura. Algo que tiene alrededor, y es esa belleza natural, ese mar Caribe, as\u00ed que esperamos que eso traiga decenas de miles de empleos, pero tambi\u00e9n calidad de vida para que a la gente le d\u00e9 gusto venir a visitarnos, que se mude para Barranquilla, que se mude para el Atl\u00e1ntico y que nos acompa\u00f1en a sacar adelante nuestra ciudad\u201d, dijo Pumarejo.<\/p>\n<p>Como resultado del trabajo a toda marcha que se cumple en la ci\u00e9naga de Mallorqu\u00edn, el alcalde Pumarejo indic\u00f3 que durante el presente 2022 se estar\u00e1 inaugurando el tren tur\u00edstico, la playa y la primera de las dos fases de las estructuras palaf\u00edticas. Le manifest\u00f3 al presidente Iv\u00e1n Duque que \u201cantes de que termine su Gobierno ya podr\u00e1 mostrar una obra avanzada, casi en un 70% con la construcci\u00f3n de pilotes. Eso es una realidad\u201d.<\/p>\n<p>El presidente continu\u00f3 su intervenci\u00f3n recordando que este no es el \u00fanico proyecto del Distrito que ha contado con el acompa\u00f1amiento de su mandato. \u201cLe hemos hecho una gran apuesta a Barranquilla. Barranquilla, que fue capital de la Asamblea del BID en el a\u00f1o 2021; Barranquilla, que fue sede del Congreso Mundial de Juristas; Barranquilla, que es sede de los Juegos Panamericanos en el 2027\u201d, dijo el presidente dando muestras que todo ha sido gracias a un trabajo en equipo.<\/p>\n<p>Asimismo, inform\u00f3 que se ha dado el paso para que este a\u00f1o se adjudique la APP del r\u00edo, el proyecto que garantizar\u00e1 la navegabilidad del r\u00edo Magdalena. Del mismo modo, se ratifica el respaldo a obras como el saneamiento de los ca\u00f1os, que permitir\u00e1 mejorar el entorno del Centro de Barranquilla, y que es parte de una revitalizaci\u00f3n integral cuyo eje central es la transformaci\u00f3n de los mercados actuales y la construcci\u00f3n de nuevos, como Gran Bazar y La Loma.<\/p>\n<p>De la misma manera, el Gobierno garantiz\u00f3 su participaci\u00f3n en la construcci\u00f3n de la pista de ciclomonta\u00f1ismo, que se convertir\u00e1 en el primer gran escenario que se ejecutar\u00e1 para los Juegos Panamericanos, y su respaldo en que Barranquilla siga teniendo la mejor calidad educativa con apoyo a programas sociales, como la gratuidad universitaria y escolar, entre otros proyectos de ciudad.<\/p>\n<p>El\u00a0mandatario nacional\u00a0agreg\u00f3 que Barranquilla tambi\u00e9n ha contado con su acompa\u00f1amiento con recursos para concluir el puente Pumarejo, para terminar el Gran Malec\u00f3n, el corredor de la carrera 38\u00a0y la\u00a0intervenci\u00f3n en instituciones educativas, entre otras\u00a0obras.<\/p>\n","protected":false},"excerpt":{"rendered":"<p>Barranquilla, la ciudad modelo en reactivaci\u00f3n y la capital de los grandes eventos, recibi\u00f3 un nuevo espaldarazo por parte del presidente de la Rep\u00fablica, Iv\u00e1n Duque, para la ejecuci\u00f3n de obras que impactar\u00e1n en la calidad de vida de todos sus ciudadanos. As\u00ed lo manifest\u00f3 el jefe de Estado durante el taller \u2018Construyendo Pa\u00eds\u2019, que<\/p>\n","protected":false},"author":1,"featured_media":8927,"comment_status":"closed","ping_status":"closed","sticky":false,"template":"","format":"standard","meta":{"footnotes":""},"categories":[181],"tags":[],"class_list":["post-8926","post","type-post","status-publish","format-standard","has-post-thumbnail","hentry","category-noticias"],"views":86,"_links":{"self":[{"href":"https:\/\/www.amchambaq.com\/es_co\/wp-json\/wp\/v2\/posts\/8926","targetHints":{"allow":["GET"]}}],"collection":[{"href":"https:\/\/www.amchambaq.com\/es_co\/wp-json\/wp\/v2\/posts"}],"about":[{"href":"https:\/\/www.amchambaq.com\/es_co\/wp-json\/wp\/v2\/types\/post"}],"author":[{"embeddable":true,"href":"https:\/\/www.amchambaq.com\/es_co\/wp-json\/wp\/v2\/users\/1"}],"replies":[{"embeddable":true,"href":"https:\/\/www.amchambaq.com\/es_co\/wp-json\/wp\/v2\/comments?post=8926"}],"version-history":[{"count":1,"href":"https:\/\/www.amchambaq.com\/es_co\/wp-json\/wp\/v2\/posts\/8926\/revisions"}],"predecessor-version":[{"id":8928,"href":"https:\/\/www.amchambaq.com\/es_co\/wp-json\/wp\/v2\/posts\/8926\/revisions\/8928"}],"wp:featuredmedia":[{"embeddable":true,"href":"https:\/\/www.amchambaq.com\/es_co\/wp-json\/wp\/v2\/media\/8927"}],"wp:attachment":[{"href":"https:\/\/www.amchambaq.com\/es_co\/wp-json\/wp\/v2\/media?parent=8926"}],"wp:term":[{"taxonomy":"category","embeddable":true,"href":"https:\/\/www.amchambaq.com\/es_co\/wp-json\/wp\/v2\/categories?post=8926"},{"taxonomy":"post_tag","embeddable":true,"href":"https:\/\/www.amchambaq.com\/es_co\/wp-json\/wp\/v2\/tags?post=8926"}],"curies":[{"name":"wp","href":"https:\/\/api.w.org\/{rel}","templated":true}]}}