{"id":8917,"date":"2022-01-21T15:55:18","date_gmt":"2022-01-21T20:55:18","guid":{"rendered":"https:\/\/www.amchambaq.com\/?p=8917"},"modified":"2022-01-21T15:55:18","modified_gmt":"2022-01-21T20:55:18","slug":"nuevas-proyecciones-para-el-pib-de-2022-rondan-el-4","status":"publish","type":"post","link":"https:\/\/www.amchambaq.com\/es_co\/nuevas-proyecciones-para-el-pib-de-2022-rondan-el-4\/","title":{"rendered":"Nuevas proyecciones para el PIB de 2022 rondan el 4%"},"content":{"rendered":"<p>A medida que empieza a correr el a\u00f1o y la econom\u00eda comienza a revelar otras de sus cartas para 2022, los expertos, centros de estudios y direcciones de an\u00e1lisis econ\u00f3mico de las entidades bancarias, e incluso el presidente Iv\u00e1n Duque, han venido presentando <b>nuevas perspectivas para el PIB de este a\u00f1o.<\/b><\/p>\n<p>El primer mandatario expres\u00f3 este mi\u00e9rcoles, en una intervenci\u00f3n realizada en el marco del Foro Econ\u00f3mico Mundial (WEF por sus siglas en ingl\u00e9s), que espera que \u201c<i>nuestro crecimiento est\u00e9 por encima del 5 % en 2022 y nos posicione como una de las econom\u00edas m\u00e1s importantes en recuperar los niveles prepandemia y as\u00ed seguir cerrando brechas sociales\u201d<\/i>.<\/p>\n<p id=\"p560762-m1253-6-1254\" class=\"parrafo\"><b>ASOBANCARIA<\/b><\/p>\n<p id=\"p560762-m1259-7-1260\" class=\"parrafo\">Asobancaria public\u00f3 hace un par de d\u00edas su primera edici\u00f3n del semanario Banca y Econom\u00eda, y all\u00ed, el gremio bancario destac\u00f3 como el 2022 se presenta como un a\u00f1o en donde la actividad econ\u00f3mica \u201cs<b>e expandir\u00e1 a un ritmo cercano al 4% (con rango 3,5% &#8211; 4,5%).<\/b>\u00a0Esta cifra, aunque menor a la prevista para 2021 (10,3%), permitir\u00e1 que los componentes y ramas de actividad que se encuentran rezagados contin\u00faen su proceso de recuperaci\u00f3n, al igual que el mercado laboral, el balance externo y las finanzas p\u00fablicas\u201d, indic\u00f3 el gremio.<\/p>\n<p id=\"p560762-m1444-9-1445\" class=\"parrafo\"><b>BANCO ITA\u00da<\/b><\/p>\n<p id=\"p560762-m1271-9-1272\" class=\"parrafo\">Por otro lado, el Banco Ita\u00fa destac\u00f3 en su \u00faltimo documento de perspectivas macro como en el caso de Colombia, \u201c<i>el entorno externo a\u00fan es favorable, la ausencia de importantes restricciones a la movilidad y las pol\u00edticas macroecon\u00f3micas expansivas est\u00e1n respaldado una r\u00e1pida recuperaci\u00f3n del PIB<\/i>\u201d.<\/p>\n<p>De all\u00ed que la entidad\u00a0<b>prev\u00e9 un crecimiento econ\u00f3mico de 3,7%, apoyado por un arrastre favorable y s\u00f3lidos t\u00e9rminos de intercambio<\/b>. Adem\u00e1s, se destac\u00f3 como \u201cla recuperaci\u00f3n de la demanda interna y el mayor d\u00e9ficit de ingresos compensar\u00edan el efecto positivo de los altos t\u00e9rminos de intercambio sobre las exportaciones\u201d.<\/p>\n<p id=\"p560762-m1277-10-1278\" class=\"parrafo\"><b>BBVA RESEARCH<\/b><\/p>\n<p id=\"p560762-m1283-11-1284\" class=\"parrafo\">Pero a pesar del optimismo del primer mandatario, varias de las estimaciones que se han entregado en los \u00faltimos d\u00edas se sit\u00faan m\u00e1s cerca al 4%. As\u00ed es como ayer BBVA Research ratific\u00f3\u00a0<b>su perspectiva para este a\u00f1o, 4%, y entreg\u00f3 un pron\u00f3stico de crecimiento de 2,8% para 2023<\/b>. Seg\u00fan el banco, la econom\u00eda ya se est\u00e1 desacelerando, y el consumo final ceder\u00e1 protagonismo a la inversi\u00f3n y las exportaciones.<\/p>\n<p>\u201c<i>En 2022 y 2023 continuar\u00e1 el proceso de recuperaci\u00f3n pero, como era de esperarse, a un ritmo m\u00e1s gradual<\/i>. Esperamos que el consumo pierda dinamismo y que la inversi\u00f3n en construcci\u00f3n, tanto de vivienda como de obras civiles, lo compense parcialmente. Tambi\u00e9n somos optimistas sobre un mayor dinamismo del sector exportador, tanto en los bienes tradicionales, principalmente asociados a la miner\u00eda, como en los productos industriales y los agr\u00edcolas no tradicionales\u201d, asegur\u00f3 Juana T\u00e9llez, economista jefe de BBVA Research para Colombia.<\/p>\n<p id=\"p560762-m1327-15-1328\" class=\"parrafo\"><b>FEDESARROLLO<\/b><\/p>\n<p id=\"p560762-m1333-16-1334\" class=\"parrafo\">Uno de los primeros centros de estudio en dar a conocer sus proyecciones para este a\u00f1o fue Fedesarrollo, que el 4 de enero entreg\u00f3 su pron\u00f3stico seg\u00fan<b>\u00a0el cual la econom\u00eda colombiana cerrar\u00eda el 2022 con un crecimiento de 4,6 %, una cifra leventemente mayor a la de BBVA Research y Asobancaria, y la m\u00e1s optimista.<\/b><\/p>\n<p id=\"p560762-m1345-18-1346\" class=\"parrafo\">Para el director de Fedesarrollo, Luis Fernando Mej\u00eda, este crecimiento es mayor al promedio estimado por el FMI, el cual indica que la econom\u00eda colombiana cerrar\u00e1 con una expansi\u00f3n de 3 %.<\/p>\n<p id=\"p560762-m1351-19-1352\" class=\"parrafo\">Agreg\u00f3 que pese a que las proyecciones se ubican en este momento en 4,6 % no se descarta una cifra por encima del 5 % debido a los avances en la vacunaci\u00f3n y a la mejor din\u00e1mica de consumo de los hogares.<\/p>\n<p id=\"p560762-m1357-20-1358\" class=\"parrafo\"><b>ANIF<\/b><\/p>\n<p id=\"p560762-m1363-21-1364\" class=\"parrafo\">Por su parte, la Asociaci\u00f3n Nacional de Instituciones Financieras (Anif)<b>\u00a0proyecta un crecimiento econ\u00f3mico para Colombia en 2022 que oscila entre 4,1 % y 4,4 %.<\/b><\/p>\n<p id=\"p560762-m1369-22-1370\" class=\"parrafo\">La Anif hizo una revisi\u00f3n al alza de sus proyecciones de PIB, pues en su \u00faltimo reporte su pron\u00f3stico era de 3,8 %.<\/p>\n<p id=\"p560762-m1381-24-1382\" class=\"parrafo\">En su informe explica que el principal riesgo que corren sus proyecciones es que se mitiguen los posibles nuevos picos de contagio o nuevas variantes del covid \u201c<i>con estrategias que ya se han probado falibles y contraproducentes en t\u00e9rminos econ\u00f3micos y sociales como son las cuarentenas y los cierres de operaci\u00f3n a la actividad productiva<\/i>\u201d.<\/p>\n<p id=\"p560762-m1387-25-1388\" class=\"parrafo\"><b>CREDICORP CAPITAL<\/b><\/p>\n<p id=\"p560762-m1393-26-1394\" class=\"parrafo\">Desde Credicorp Capital tambi\u00e9n se destac\u00f3 esta semana como la r\u00e1pida aceleraci\u00f3n del contagio de covid-19 en semanas recientes (aunque con una mortalidad significativamente menor), sumado al deterioro del ingreso disponible de los hogares \u201cdebido a la aguda inflaci\u00f3n de alimentos, pueden provocar una desaceleraci\u00f3n de la actividad a principios de 2022\u201d.<\/p>\n<p>La entidad se\u00f1al\u00f3 que mantiene una proyecci\u00f3n de una fuerte expansi\u00f3n del PIB este a\u00f1o (4,0%), \u201cya que el escenario de altos precios internacionales de los productos de exportaci\u00f3n deber\u00eda repercutir cada vez m\u00e1s en el crecimiento local, a trav\u00e9s de un fuerte gasto p\u00fablico y un aumento m\u00e1s robusto de las ventas externas\u201d.<\/p>\n<p>TOMADO DE: PORTAFOLIO<\/p>\n","protected":false},"excerpt":{"rendered":"<p>A medida que empieza a correr el a\u00f1o y la econom\u00eda comienza a revelar otras de sus cartas para 2022, los expertos, centros de estudios y direcciones de an\u00e1lisis econ\u00f3mico de las entidades bancarias, e incluso el presidente Iv\u00e1n Duque, han venido presentando nuevas perspectivas para el PIB de este a\u00f1o. El primer mandatario expres\u00f3<\/p>\n","protected":false},"author":1,"featured_media":8918,"comment_status":"closed","ping_status":"closed","sticky":false,"template":"","format":"standard","meta":{"footnotes":""},"categories":[181],"tags":[],"class_list":["post-8917","post","type-post","status-publish","format-standard","has-post-thumbnail","hentry","category-noticias"],"views":85,"_links":{"self":[{"href":"https:\/\/www.amchambaq.com\/es_co\/wp-json\/wp\/v2\/posts\/8917","targetHints":{"allow":["GET"]}}],"collection":[{"href":"https:\/\/www.amchambaq.com\/es_co\/wp-json\/wp\/v2\/posts"}],"about":[{"href":"https:\/\/www.amchambaq.com\/es_co\/wp-json\/wp\/v2\/types\/post"}],"author":[{"embeddable":true,"href":"https:\/\/www.amchambaq.com\/es_co\/wp-json\/wp\/v2\/users\/1"}],"replies":[{"embeddable":true,"href":"https:\/\/www.amchambaq.com\/es_co\/wp-json\/wp\/v2\/comments?post=8917"}],"version-history":[{"count":1,"href":"https:\/\/www.amchambaq.com\/es_co\/wp-json\/wp\/v2\/posts\/8917\/revisions"}],"predecessor-version":[{"id":8919,"href":"https:\/\/www.amchambaq.com\/es_co\/wp-json\/wp\/v2\/posts\/8917\/revisions\/8919"}],"wp:featuredmedia":[{"embeddable":true,"href":"https:\/\/www.amchambaq.com\/es_co\/wp-json\/wp\/v2\/media\/8918"}],"wp:attachment":[{"href":"https:\/\/www.amchambaq.com\/es_co\/wp-json\/wp\/v2\/media?parent=8917"}],"wp:term":[{"taxonomy":"category","embeddable":true,"href":"https:\/\/www.amchambaq.com\/es_co\/wp-json\/wp\/v2\/categories?post=8917"},{"taxonomy":"post_tag","embeddable":true,"href":"https:\/\/www.amchambaq.com\/es_co\/wp-json\/wp\/v2\/tags?post=8917"}],"curies":[{"name":"wp","href":"https:\/\/api.w.org\/{rel}","templated":true}]}}