{"id":8787,"date":"2021-12-20T08:59:03","date_gmt":"2021-12-20T13:59:03","guid":{"rendered":"https:\/\/www.amchambaq.com\/?p=8787"},"modified":"2021-12-20T08:59:03","modified_gmt":"2021-12-20T13:59:03","slug":"2021-el-ano-en-que-la-recuperacion-economica-hizo-temblar-a-la-economia-mundial","status":"publish","type":"post","link":"https:\/\/www.amchambaq.com\/es_co\/2021-el-ano-en-que-la-recuperacion-economica-hizo-temblar-a-la-economia-mundial\/","title":{"rendered":"2021: el a\u00f1o en que la recuperaci\u00f3n econ\u00f3mica hizo temblar a la econom\u00eda mundial"},"content":{"rendered":"<p class=\"font--secondary\">Cuando el mundo empezaba a adaptarse a la normalidad pand\u00e9mica, mientras los confinamientos ced\u00edan y llegaban las vacunas, la ansiada recuperaci\u00f3n econ\u00f3mica se ha visto amenazada por una hist\u00f3rica crisis de precios de la energ\u00eda y cuellos de botella en m\u00faltiples sectores que amaga con trasladarse al 2022.<\/p>\n<p class=\"font--secondary\">La energ\u00eda mueve el mundo y cuando la econom\u00eda empez\u00f3 a despertar del letargo del coronavirus, la alta demanda, especialmente en Asia, empez\u00f3 a disparar los precios del gas y la electricidad, pero tambi\u00e9n del petr\u00f3leo y el carb\u00f3n.<\/p>\n<p>Sumado a un mal a\u00f1o meteorol\u00f3gico para la generaci\u00f3n renovable, a las tensiones geopol\u00edticas con Rusia como protagonista, a la ca\u00edda de las inversiones en el sector energ\u00e9tico durante la par\u00e1lisis v\u00edrica y al alza del precio por tonelada de CO2 emitida en la Uni\u00f3n Europea, el mundo, y la UE en particular, asiste a una crisis energ\u00e9tica que no se conoc\u00eda desde los a\u00f1os setenta.<\/p>\n<p class=\"font--secondary\">\u201dEstos dos asuntos son extremadamente importantes porque ambos est\u00e1n creando presi\u00f3n inflacionista\u201d, explica el analista del centro de pensamiento Bruegel Simone Tagliapietra.<\/p>\n<p class=\"font--secondary\">Ese desajuste se ha trasladado a los precios, incrementando el coste de la vida en la UE a cerca del 5 % interanual al cierre de 2021, un m\u00e1ximo desde que existen registros.<\/p>\n<p class=\"font--secondary\">El director de la Agencia europea de Cooperaci\u00f3n de los Reguladores de la Energ\u00eda (ACER), Christian Zinglersen, traslad\u00f3 en diciembre a los ministros de Energ\u00eda de los pa\u00edses de la UE que no espera que los precios energ\u00e9ticos bajen significativamente al menos hasta abril.<\/p>\n<p class=\"font--secondary\">Tagliapietra augura que, a corto plazo, los gobiernos tendr\u00e1n que destinar m\u00e1s recursos a \u201cblindar a los consumidores vulnerables\u201d, lo que pesar\u00e1 en la fiscalidad mientras que a largo plazo la soluci\u00f3n pasa por desplegar \u201cm\u00e1s renovables para estar m\u00e1s protegidos\u201d de estas y futuras oscilaciones.<\/p>\n<p class=\"font--secondary\">Pero pese a la carest\u00eda energ\u00e9tica, que previsiblemente se agravar\u00eda con un invierno fr\u00edo, la Comisi\u00f3n Europea augura que el PIB de la UE avanzar\u00e1 un 5 % en 2021, para seguir creciendo con fuerza en 2022 (4,3 %) y algo menos en 2023 (2,5 %).<\/p>\n<p class=\"font--secondary\">\u201dSin embargo, este buen ritmo de crecimiento afronta nuevas dificultades. Los cuellos de botella y las perturbaciones en la oferta mundial lastran la actividad en la UE, sobre todo en el sumamente integrado sector manufacturero\u201d, avisaba la Comisi\u00f3n en sus previsiones econ\u00f3micas de oto\u00f1o, publicadas el pasado noviembre.<\/p>\n<p>Tomado de: EL ESPECTADOR<\/p>\n","protected":false},"excerpt":{"rendered":"<p>Cuando el mundo empezaba a adaptarse a la normalidad pand\u00e9mica, mientras los confinamientos ced\u00edan y llegaban las vacunas, la ansiada recuperaci\u00f3n econ\u00f3mica se ha visto amenazada por una hist\u00f3rica crisis de precios de la energ\u00eda y cuellos de botella en m\u00faltiples sectores que amaga con trasladarse al 2022. La energ\u00eda mueve el mundo y cuando<\/p>\n","protected":false},"author":1,"featured_media":8737,"comment_status":"closed","ping_status":"closed","sticky":false,"template":"","format":"standard","meta":{"footnotes":""},"categories":[181],"tags":[],"class_list":["post-8787","post","type-post","status-publish","format-standard","has-post-thumbnail","hentry","category-noticias"],"views":106,"_links":{"self":[{"href":"https:\/\/www.amchambaq.com\/es_co\/wp-json\/wp\/v2\/posts\/8787","targetHints":{"allow":["GET"]}}],"collection":[{"href":"https:\/\/www.amchambaq.com\/es_co\/wp-json\/wp\/v2\/posts"}],"about":[{"href":"https:\/\/www.amchambaq.com\/es_co\/wp-json\/wp\/v2\/types\/post"}],"author":[{"embeddable":true,"href":"https:\/\/www.amchambaq.com\/es_co\/wp-json\/wp\/v2\/users\/1"}],"replies":[{"embeddable":true,"href":"https:\/\/www.amchambaq.com\/es_co\/wp-json\/wp\/v2\/comments?post=8787"}],"version-history":[{"count":1,"href":"https:\/\/www.amchambaq.com\/es_co\/wp-json\/wp\/v2\/posts\/8787\/revisions"}],"predecessor-version":[{"id":8788,"href":"https:\/\/www.amchambaq.com\/es_co\/wp-json\/wp\/v2\/posts\/8787\/revisions\/8788"}],"wp:featuredmedia":[{"embeddable":true,"href":"https:\/\/www.amchambaq.com\/es_co\/wp-json\/wp\/v2\/media\/8737"}],"wp:attachment":[{"href":"https:\/\/www.amchambaq.com\/es_co\/wp-json\/wp\/v2\/media?parent=8787"}],"wp:term":[{"taxonomy":"category","embeddable":true,"href":"https:\/\/www.amchambaq.com\/es_co\/wp-json\/wp\/v2\/categories?post=8787"},{"taxonomy":"post_tag","embeddable":true,"href":"https:\/\/www.amchambaq.com\/es_co\/wp-json\/wp\/v2\/tags?post=8787"}],"curies":[{"name":"wp","href":"https:\/\/api.w.org\/{rel}","templated":true}]}}