{"id":8749,"date":"2021-12-13T08:48:58","date_gmt":"2021-12-13T13:48:58","guid":{"rendered":"https:\/\/www.amchambaq.com\/?p=8749"},"modified":"2021-12-13T08:48:58","modified_gmt":"2021-12-13T13:48:58","slug":"subir-el-minimo-1007-para-llegar-a-1-millon-la-propuesta-de-duque","status":"publish","type":"post","link":"https:\/\/www.amchambaq.com\/es_co\/subir-el-minimo-1007-para-llegar-a-1-millon-la-propuesta-de-duque\/","title":{"rendered":"Subir el m\u00ednimo 10,07 % para llegar a $1 mill\u00f3n, la propuesta de Duque"},"content":{"rendered":"<p>El presidente <b>Iv\u00e1n Duque<\/b>\u00a0habl\u00f3 sobre su propuesta para el reajuste del\u00a0<b>salario m\u00ednimo para el 2022.\u00a0<\/b>El mandatario dijo que podr\u00eda concretarse un alza del 10,07 %, lo que lo dejar\u00eda alrededor de<b>\u00a0$1 mill\u00f3n\u00a0<\/b>sin contar el subsidio de transporte.<\/p>\n<p id=\"pnull-m199-3-200\" class=\"parrafo\">\u201c<i>Nuestra meta es que podamos llegar, podamos cerrar un acuerdo para los trabajadores de Colombia que nos permita cumplir ese sue\u00f1o, que tambi\u00e9n fue una promesa de nuestra campa\u00f1a, de llegar al mill\u00f3n de pesos sin el auxilio de transporte (\u2026) Eso equivale a un aumento del 10,07 %<\/i>\u201d, explic\u00f3 Duque.<\/p>\n<p id=\"pnull-m248-4-249\" class=\"parrafo\">Dijo que, de lograrse el acuerdo, se le dar\u00eda un mensaje \u201c<i>muy grande a la poblaci\u00f3n colombiana por cuanto se permitir\u00eda tener mayor ingreso y estimular la demanda agregada del pa\u00eds<\/i>&#8220;.<\/p>\n<p id=\"pnull-m257-5-258\" class=\"parrafo\">Tambi\u00e9n resalt\u00f3 la actitud de los\u00a0<b>sectores empresariales del pa\u00eds,\u00a0<\/b>con los cuales, a\u00f1adi\u00f3,\u00a0<b>llevan trabajando 3 meses.<\/b><\/p>\n<p id=\"pnull-m265-6-266\" class=\"parrafo\">\u201c<i>El mensaje que ha transmitido la Asociaci\u00f3n Nacional de Empresarios (Andi), la Sociedad de Agricultores de Colombia (SAC), la Federaci\u00f3n Nacional de Comerciantes (Fenalco), sabemos que es un esfuerzo de los empresarios de nuestro pa\u00eds y es as\u00ed como tenemos que darles una gran respuesta a los trabajadores de Colombia: que podamos llegar este a\u00f1o a ese mill\u00f3n de pesos solamente en ese componente salarial<\/i>\u201d, dijo.<\/p>\n<p>En este aspecto,<b>\u00a0V\u00edctor Mu\u00f1oz,<\/b>\u00a0el director del Departamento Administrativo de la Presidencia de la Rep\u00fablica (Dapre), resalt\u00f3 que el trabajo con los gremios empresariales ha sido &#8220;<i>en conjunto, solidario y constructivo<\/i>&#8220;.<\/p>\n<p id=\"pnull-m298-10-299\" class=\"parrafo\">Duque insisti\u00f3 en que, de lograr el aumento,\u00a0<b>ser\u00eda un mensaje fraterno e hist\u00f3rico y<\/b>\u00a0que ser\u00eda la\u00a0<b>representaci\u00f3n del esfuerzo colectivo del pa\u00eds.<\/b><\/p>\n<p id=\"pnull-m305-11-306\" class=\"parrafo\">\u201c<i>Tenemos la econom\u00eda creciendo al punto m\u00e1s alto en este siglo. Tenemos iniciativas como el Paef, con 4,1 millones de empleos formales protegidos en todo el territorio nacional, hemos tenido tambi\u00e9n programas sociales como Ingreso Solidario, D\u00edas sin IVA, Devoluci\u00f3n del IVA, es decir, una gran reacci\u00f3n que nos permite estimular el crecimiento en nuestro pa\u00eds. Los empresarios hicieron una gran contribuci\u00f3n este a\u00f1o con la Ley de Inversi\u00f3n Social, donde estuvieron dispuestos a aportar para que nuestro pa\u00eds siga adelante y se reactive. Y ahora tambi\u00e9n valoro la postura de este a\u00f1o pensando en los trabajadores de Colombia y podamos llegar a ese mill\u00f3n de pesos en el componente salarial, que es un hito hist\u00f3rico<\/i>\u201d, concluy\u00f3.<\/p>\n<p id=\"pnull-m313-12-314\" class=\"parrafo\">Duque espera que el acuerdo se alcance durante la semana del 13 al 19 de diciembre y coment\u00f3 que\u00a0<b>ser\u00eda el alza del salario m\u00ednimo, en t\u00e9rminos reales, m\u00e1s alto en 40 a\u00f1os.<\/b><\/p>\n<p id=\"pnull-m321-13-322\" class=\"parrafo\">&#8220;<i>Representar\u00eda tambi\u00e9n un mensaje muy grande para la poblaci\u00f3n colombiana que permitir\u00eda, no solamente tener ingresos, sino tambi\u00e9n estimular la demanda agregada de nuestro pa\u00eds<\/i>&#8220;, cerr\u00f3.<\/p>\n<p>Tomado de: PORTAFOLIO<\/p>\n","protected":false},"excerpt":{"rendered":"<p>El presidente Iv\u00e1n Duque\u00a0habl\u00f3 sobre su propuesta para el reajuste del\u00a0salario m\u00ednimo para el 2022.\u00a0El mandatario dijo que podr\u00eda concretarse un alza del 10,07 %, lo que lo dejar\u00eda alrededor de\u00a0$1 mill\u00f3n\u00a0sin contar el subsidio de transporte. \u201cNuestra meta es que podamos llegar, podamos cerrar un acuerdo para los trabajadores de Colombia que nos permita<\/p>\n","protected":false},"author":1,"featured_media":8750,"comment_status":"closed","ping_status":"closed","sticky":false,"template":"","format":"standard","meta":{"footnotes":""},"categories":[181],"tags":[],"class_list":["post-8749","post","type-post","status-publish","format-standard","has-post-thumbnail","hentry","category-noticias"],"views":72,"_links":{"self":[{"href":"https:\/\/www.amchambaq.com\/es_co\/wp-json\/wp\/v2\/posts\/8749","targetHints":{"allow":["GET"]}}],"collection":[{"href":"https:\/\/www.amchambaq.com\/es_co\/wp-json\/wp\/v2\/posts"}],"about":[{"href":"https:\/\/www.amchambaq.com\/es_co\/wp-json\/wp\/v2\/types\/post"}],"author":[{"embeddable":true,"href":"https:\/\/www.amchambaq.com\/es_co\/wp-json\/wp\/v2\/users\/1"}],"replies":[{"embeddable":true,"href":"https:\/\/www.amchambaq.com\/es_co\/wp-json\/wp\/v2\/comments?post=8749"}],"version-history":[{"count":1,"href":"https:\/\/www.amchambaq.com\/es_co\/wp-json\/wp\/v2\/posts\/8749\/revisions"}],"predecessor-version":[{"id":8751,"href":"https:\/\/www.amchambaq.com\/es_co\/wp-json\/wp\/v2\/posts\/8749\/revisions\/8751"}],"wp:featuredmedia":[{"embeddable":true,"href":"https:\/\/www.amchambaq.com\/es_co\/wp-json\/wp\/v2\/media\/8750"}],"wp:attachment":[{"href":"https:\/\/www.amchambaq.com\/es_co\/wp-json\/wp\/v2\/media?parent=8749"}],"wp:term":[{"taxonomy":"category","embeddable":true,"href":"https:\/\/www.amchambaq.com\/es_co\/wp-json\/wp\/v2\/categories?post=8749"},{"taxonomy":"post_tag","embeddable":true,"href":"https:\/\/www.amchambaq.com\/es_co\/wp-json\/wp\/v2\/tags?post=8749"}],"curies":[{"name":"wp","href":"https:\/\/api.w.org\/{rel}","templated":true}]}}