{"id":8745,"date":"2021-12-13T08:39:24","date_gmt":"2021-12-13T13:39:24","guid":{"rendered":"https:\/\/www.amchambaq.com\/?p=8745"},"modified":"2021-12-13T08:39:24","modified_gmt":"2021-12-13T13:39:24","slug":"barranquilla-regresa-a-niveles-economicos-y-sociales-prepandemia","status":"publish","type":"post","link":"https:\/\/www.amchambaq.com\/es_co\/barranquilla-regresa-a-niveles-economicos-y-sociales-prepandemia\/","title":{"rendered":"Barranquilla regresa a niveles econ\u00f3micos y sociales prepandemia"},"content":{"rendered":"<p>Barranquilla avanza en el proceso de\u00a0<strong>reactivaci\u00f3n econ\u00f3mica\u00a0<\/strong>y se sigue consolidando como la ciudad piloto en todo el territorio nacional.<\/p>\n<p>Lo anterior ha sido calificado como un \u201ccaso de \u00e9xito a nivel nacional al tomar\u00a0<strong>medidas\u00a0<\/strong>en pro de retomar la actividad econ\u00f3mica desde el primer semestre del a\u00f1o\u201d.<\/p>\n<p>Los resultados del \u00cdndice Mensual Econ\u00f3mico Distrital (IMED), elaborado por\u00a0<strong>Fundesarrollo<\/strong>, reflejan que la econom\u00eda de Barranquilla tuvo un crecimiento de 3 % anual en septiembre de 2021, doblando la cifra registrada durante el mismo periodo de 2019.<\/p>\n<p>Uno de los ejes que ha\u00a0 hecho posible el crecimiento de estos indicadores es la\u00a0<strong>salud<\/strong>. Y es que el avance que ha tenido la ciudad en su plan de vacunaci\u00f3n es notable. Aspecto que ha dado lugar a la reanudaci\u00f3n de actividades en distintos sectores como la apertura de eventos masivos desde septiembre.<\/p>\n<p>Es por ello que la econom\u00eda se est\u00e1 acercando a los niveles de actividad del 2019, es decir, \u00edndices\u00a0<strong>prepandemia<\/strong>.<\/p>\n<p>Seg\u00fan el\u00a0<strong>alcalde Jaime Pumarej<\/strong>o, estos logros se deben a varios factores entre los que se incluyen: el robustecimiento del sistema de salud y la articulaci\u00f3n con el Gobierno nacional y el sector privado, as\u00ed como la implementaci\u00f3n de proyectos estrat\u00e9gicos para \u201cno solo recuperar, sino crear m\u00e1s y mejor empleo\u201d.<\/p>\n<p>Apuestas como \u2018Ingl\u00e9s para el Trabajo\u2019, \u2018EmpoderaTECH\u2019, becas para educaci\u00f3n superior, el\u00a0<strong>Centro de Oportunidade<\/strong>s, la Unidad de Apoyo al Empresario y, m\u00e1s recientemente, la estrategia de posicionamiento de territorio \u2018Ven, Vive Barranquilla\u2019, entre otras, han hecho parte de la hoja de ruta creada por la administraci\u00f3n distrital para impulsar el crecimiento econ\u00f3mico.<\/p>\n<p>\u201cBarranquilla ha respondido mejor que ninguna otra ciudad a la pandemia. Nos preparamos y nos adaptamos para gestionar la<strong>\u00a0crisis social<\/strong>\u00a0y econ\u00f3mica, en la medida en que sab\u00edamos que deb\u00edamos proteger la vida de los ciudadanos\u201d, expres\u00f3 el mandatario distrital.<\/p>\n<p>Barranquilla se posiciona como la segunda tasa m\u00e1s baja en\u00a0<strong>desempleo\u00a0<\/strong>del pa\u00eds.<\/p>\n<p>De acuerdo con el\u00a0<strong>Dane<\/strong>,\u00a0 la ciudad se ubic\u00f3 en 9,6 % para el trimestre m\u00f3vil de agosto-octubre, registr\u00e1ndose como el indicador m\u00e1s bajo en la etapa de reactivaci\u00f3n.<\/p>\n<p>Mientras la tasa de desempleo disminuye, la generaci\u00f3n de empleo aumenta, pues la entidad tambi\u00e9n report\u00f3 que en cuanto a la tasa de\u00a0<strong>ocupaci\u00f3n\u00a0<\/strong>la ciudad subi\u00f3 3,1 puntos porcentuales, pasando de 53,6 % en el trimestre m\u00f3vil de agosto-octubre de 2020 a 55,8 % para el mismo trimestre de 2021.<\/p>\n<p>&nbsp;<\/p>\n<div class=\"field-item even\">\n<div class=\"content-titulo\">\n<div class=\"titulo\"><strong>La industria<\/strong><\/div>\n<\/div>\n<\/div>\n<div class=\"field-item odd\">\n<div class=\"entity entity-paragraphs-item paragraphs-item-descripcion\">\n<div class=\"content\">\n<div class=\"field field-name-field-descripcion field-type-text-long field-label-hidden\">\n<div class=\"field-items\">\n<div class=\"field-item even\">\n<p>Desde septiembre de 2020, el sector industrial del\u00a0<strong>Atl\u00e1ntico\u00a0<\/strong>contin\u00faa aumentando su\u00a0<strong>producci\u00f3n\u00a0<\/strong>que creci\u00f3 13,1 %; las ventas, 14,8 %, y el empleo, 8,1 % en el mes mencionado. Los sectores de textiles, confecciones y cuero, madera y muebles, y papel e imprenta fueron los protagonistas de este crecimiento.<\/p>\n<\/div>\n<\/div>\n<\/div>\n<\/div>\n<\/div>\n<\/div>\n<div class=\"field-item even\">\n<div class=\"shares\"><\/div>\n<div class=\"content-titulo\">\n<div class=\"titulo\"><strong>Desempe\u00f1o de la construcci\u00f3n<\/strong><\/div>\n<\/div>\n<\/div>\n<div class=\"field-item odd\">\n<div class=\"entity entity-paragraphs-item paragraphs-item-descripcion\">\n<div class=\"content\">\n<div class=\"field field-name-field-descripcion field-type-text-long field-label-hidden\">\n<div class=\"field-items\">\n<div class=\"field-item even\">\n<p>Para este sector, las encuestas del Dane\u00a0 registraron que los despachos de\u00a0<strong>cemento\u00a0<\/strong>gris del Atl\u00e1ntico se incrementaron un 27,5 % en lo corrido del mes de octubre, cifra que super\u00f3 la ca\u00edda del 15,6 % que tuvo en igual periodo de 2020.<\/p>\n<p>\u201cEn cuanto al estado de las \u00e1reas en proceso de\u00a0<strong>construcci\u00f3n\u00a0<\/strong>el \u00e1rea finalizada registro un incremento del 95,3 % durante el tercer trimestre del a\u00f1o frente a 2020, y el \u00e1rea en proceso lo hizo a 10,6 %\u201d, agreg\u00f3 el Distrito.<\/p>\n<\/div>\n<\/div>\n<\/div>\n<\/div>\n<\/div>\n<\/div>\n<div class=\"field-item even\">\n<div class=\"shares\"><\/div>\n<div class=\"content-titulo\">\n<div class=\"titulo\"><strong>El turismo<\/strong><\/div>\n<\/div>\n<\/div>\n<div class=\"field-item odd\">\n<div class=\"entity entity-paragraphs-item paragraphs-item-descripcion\">\n<div class=\"content\">\n<div class=\"field field-name-field-descripcion field-type-text-long field-label-hidden\">\n<div class=\"field-items\">\n<div class=\"field-item even\">\n<p>El sector del entretenimiento ha hecho posible la reactivaci\u00f3n en materia tur\u00edstica. Los reportes de la<strong>\u00a0Aeron\u00e1utica Civil\u00a0<\/strong>indicaron que el flujo de pasajeros del aeropuerto Ernesto Cortissoz fue doce veces superior en el tercer trimestre del a\u00f1o frente a lo experimentado durante pandemia, generando un nivel de movilizaci\u00f3n de 559.896 viajeros.<\/p>\n<p>Respecto a la ocupaci\u00f3n hotelera,\u00a0<strong>Cotelco\u00a0<\/strong>report\u00f3 que Barranquilla cerr\u00f3 en 53,9 % para el mes de septiembre, mientras en el pa\u00eds lo hizo en 47 %.<\/p>\n<p>&nbsp;<\/p>\n<\/div>\n<\/div>\n<\/div>\n<\/div>\n<\/div>\n<\/div>\n<div class=\"field-item even\">\n<div class=\"content-imagen\">\n<div class=\"image\" data-bg-desk=\"https:\/\/www.elheraldo.co\/sites\/default\/files\/styles\/width_1180\/public\/2a_vacunacion.png?itok=ZOm23vMH\" data-bg-mob=\"https:\/\/www.elheraldo.co\/sites\/default\/files\/styles\/414x780\/public\/2a_vacunacion.png?itok=4U6_svUR\"><picture><source srcset=\"https:\/\/www.elheraldo.co\/sites\/default\/files\/styles\/width_820\/public\/2a_vacunacion.png?itok=HdM6HS2V\" media=\"(min-width: 1180px)\" \/><source srcset=\"https:\/\/www.elheraldo.co\/sites\/default\/files\/styles\/width_768\/public\/2a_vacunacion.png?itok=bbxc4wyD\" media=\"(min-width: 768px)\" \/><source srcset=\"https:\/\/www.elheraldo.co\/sites\/default\/files\/styles\/width_414\/public\/2a_vacunacion.png?itok=YxvYiScI\" media=\"(max-width: 767px)\" \/><\/picture><\/div>\n<div data-bg-desk=\"https:\/\/www.elheraldo.co\/sites\/default\/files\/styles\/width_1180\/public\/2a_vacunacion.png?itok=ZOm23vMH\" data-bg-mob=\"https:\/\/www.elheraldo.co\/sites\/default\/files\/styles\/414x780\/public\/2a_vacunacion.png?itok=4U6_svUR\">\n<div class=\"field-item odd\">\n<div class=\"content-titulo\">\n<div class=\"titulo\"><strong>Incremento en inversi\u00f3n p\u00fablica<\/strong><\/div>\n<\/div>\n<\/div>\n<div class=\"field-item even\">\n<div class=\"entity entity-paragraphs-item paragraphs-item-descripcion\">\n<div class=\"content\">\n<div class=\"field field-name-field-descripcion field-type-text-long field-label-hidden\">\n<div class=\"field-items\">\n<div class=\"field-item even\">\n<p>La\u00a0<strong>Alcald\u00eda de Barranquilla\u00a0<\/strong>present\u00f3 el mayor crecimiento en los niveles de\u00a0<strong>inversi\u00f3n\u00a0<\/strong>p\u00fablica con corte al mes de septiembre, lo que la hizo convertirse en la ciudad principal registrando el mayor incremento de 2021 al crecer 55 % entre enero y septiembre frente al mismo periodo de 2020.<\/p>\n<p>La inversi\u00f3n p\u00fablica por\u00a0<strong>habitante\u00a0<\/strong>es de $2.000.998 con corte acumulado al tercer trimestre del a\u00f1o.<\/p>\n<p>&nbsp;<\/p>\n<div class=\"field-item even\">\n<div class=\"content-titulo\">\n<div class=\"titulo\"><strong>Confianza del consumidor<\/strong><\/div>\n<\/div>\n<\/div>\n<div class=\"field-item odd\">\n<div class=\"entity entity-paragraphs-item paragraphs-item-descripcion\">\n<div class=\"content\">\n<div class=\"field field-name-field-descripcion field-type-text-long field-label-hidden\">\n<div class=\"field-items\">\n<div class=\"field-item even\">\n<p><strong>Fedesarrollo\u00a0<\/strong>realiza un \u00edndice en el cual se realiza un balance sobre las\u00a0<strong>expectativas\u00a0<\/strong>y percepciones del\u00a0<strong>consumidor<\/strong>\u00a0en cuanto a patrones de consumo.<\/p>\n<p>En este \u00e1mbito, Barranquilla tambi\u00e9n arroja cifras positivas. En el mes de noviembre se posicion\u00f3 como la m\u00e1s alta al ubicarse en un\u00a0<strong>balance\u00a0<\/strong>de 2,2 %.<\/p>\n<p>Esto se logr\u00f3 gracias a la mejora de las expectativas para la compra de bienes durables y vivienda, que con la cercan\u00eda de la<strong>\u00a0temporada decembrina<\/strong>, el avance en la vacunaci\u00f3n y la relajaci\u00f3n en las medidas restrictivas, habr\u00eda mejorado el optimismo de los barranquilleros<\/p>\n<p>Adem\u00e1s, la encuesta del\u00a0<strong>Centro Nacional de Consultor\u00eda\u00a0<\/strong>\u2013contratada por la revista Semana\u2013 correspondiente al periodo de diciembre de 2021, dio como resultado que el 77 % de los encuestados afirman que las cosas en Barranquilla van por buen camino.<\/p>\n<\/div>\n<\/div>\n<\/div>\n<\/div>\n<\/div>\n<\/div>\n<div class=\"field-item even\">\n<div class=\"shares\"><\/div>\n<div class=\"content-titulo\">\n<div class=\"titulo\"><strong>Movilidad de consumidores<\/strong><\/div>\n<\/div>\n<\/div>\n<div class=\"field-item odd\">\n<div class=\"entity entity-paragraphs-item paragraphs-item-descripcion\">\n<div class=\"content\">\n<div class=\"field field-name-field-descripcion field-type-text-long field-label-hidden\">\n<div class=\"field-items\">\n<div class=\"field-item even\">\n<p>El movimiento comercial en la capital del Atl\u00e1ntico por parte de sus\u00a0<strong>consumidores\u00a0<\/strong>es otro de los factores que han presentado alza.<\/p>\n<p>De acuerdo con los indicadores de\u00a0<strong>Google Mobility<\/strong>, que muestran el nivel de personas que visitan ciertos lugares y establecimientos comerciales, reflejaron que en la ciudad, en comparaci\u00f3n con niveles previos a las cuarentenas, las visitas a tiendas y ocio, supermercados y farmacias, estaciones de transporte, lugares de trabajo y parques se encuentran con niveles similares a principios de 2020.<\/p>\n<p>\u201cHecho que no ha sido aislado de las medidas sanitarias, lo que significa que la apertura ha sido\u00a0<strong>responsable\u00a0<\/strong>y ha trabajado de la mano con los procesos de vacunaci\u00f3n\u201d, agreg\u00f3 la administraci\u00f3n distrital.<\/p>\n<\/div>\n<\/div>\n<\/div>\n<\/div>\n<\/div>\n<\/div>\n<div class=\"field-item even\">\n<div class=\"shares\"><\/div>\n<div class=\"content-titulo\">\n<div class=\"titulo\"><strong>El impulso de la vacunaci\u00f3n y las perspectivas para el pr\u00f3ximo a\u00f1o<\/strong><\/div>\n<\/div>\n<\/div>\n<div class=\"field-item odd\">\n<div class=\"entity entity-paragraphs-item paragraphs-item-descripcion\">\n<div class=\"content\">\n<div class=\"field field-name-field-descripcion field-type-text-long field-label-hidden\">\n<div class=\"field-items\">\n<div class=\"field-item even\">\n<p>A d\u00eda de hoy,\u00a0<strong>Barranquilla\u00a0<\/strong>es el ente territorial que m\u00e1s vacunas ha aplicado a nivel nacional con 15.400 dosis por cada 10.000 habitantes, por encima, por ejemplo, de Bogot\u00e1, que va en 13.450 por cada 10.000 habitantes; Cartagena (12.508) y Santa Marta (11.934).<\/p>\n<p>Los barranquilleros han cumplido con la cita de salud y han asistido masivamente a los puntos masivos de vacunaci\u00f3n que habilit\u00f3 el\u00a0<strong>Distrito\u00a0<\/strong>para el funcionamiento de este proceso.<\/p>\n<p>Lo anterior hizo posible que en la ciudad ya se hayan aplicado m\u00e1s de 2 millones de dosis que, sumado a la alta tasa de seroprevalencia, hace que la ciudad cuente con un porcentaje de positividad de<strong>\u00a0casos covid-19\u00a0<\/strong>a la baja de 6.5 % y un n\u00famero de activos de 1.481, por debajo del promedio de los \u00faltimos dos meses.<\/p>\n<p>En medio del panorama alentador que presenta Barranquilla en este proceso de reactivaci\u00f3n econ\u00f3mica, las\u00a0<strong>estrategias\u00a0<\/strong>no se detienen.<\/p>\n<p>Por ello, la administraci\u00f3n distrital se ha planteado una serie de\u00a0<strong>perspectivas\u00a0<\/strong>que espera lograr a cabalidad.<\/p>\n<p>Lograr aumentar en 3,7 % la tasa de ocupaci\u00f3n es uno de los retos propuestos. Lo que representa unos 31.115 ocupados aproximadamente; aumentar en 2.9 % la tasa global de\u00a0<strong>participaci\u00f3n<\/strong>, que existan 39.371 personas econ\u00f3micamente activas adicionales; y disminuir el n\u00famero de desempleados, lo que significar\u00edan cerca de las 15.900 personas para llegar a niveles prepandemia.<\/p>\n<p>El sector del\u00a0<strong>comercio\u00a0<\/strong>tambi\u00e9n espera seguir creciendo, ya que actualmente superan los indicadores anteriores a la pandemia.<\/p>\n<p>Esto a trav\u00e9s de la confianza del consumidor, que se ubica en 2,2 % para noviembre, siendo el mejor\u00a0<strong>desempe\u00f1o<\/strong>\u00a0del pa\u00eds.<\/p>\n<p>La\u00a0<strong>vacunaci\u00f3n\u00a0<\/strong>no se aleja de este proceso, ya que fue uno de los pilares que generaron impactos positivos en la econom\u00eda de la ciudad.<\/p>\n<p>Por ello se espera que la recuperaci\u00f3n contin\u00fae y en pocos meses superar los indicadores de 2019 en temas de empleo, comercio e\u00a0<strong>industria<\/strong>, dado que el rescate de la confianza del consumidor vaticina una buena respuesta de la demanda para el 2022.<\/p>\n<\/div>\n<\/div>\n<\/div>\n<\/div>\n<\/div>\n<\/div>\n<\/div>\n<\/div>\n<\/div>\n<\/div>\n<\/div>\n<\/div>\n<\/div>\n<\/div>\n<\/div>\n","protected":false},"excerpt":{"rendered":"<p>Barranquilla avanza en el proceso de\u00a0reactivaci\u00f3n econ\u00f3mica\u00a0y se sigue consolidando como la ciudad piloto en todo el territorio nacional. Lo anterior ha sido calificado como un \u201ccaso de \u00e9xito a nivel nacional al tomar\u00a0medidas\u00a0en pro de retomar la actividad econ\u00f3mica desde el primer semestre del a\u00f1o\u201d. Los resultados del \u00cdndice Mensual Econ\u00f3mico Distrital (IMED), elaborado<\/p>\n","protected":false},"author":1,"featured_media":8616,"comment_status":"closed","ping_status":"closed","sticky":false,"template":"","format":"standard","meta":{"footnotes":""},"categories":[181],"tags":[],"class_list":["post-8745","post","type-post","status-publish","format-standard","has-post-thumbnail","hentry","category-noticias"],"views":105,"_links":{"self":[{"href":"https:\/\/www.amchambaq.com\/es_co\/wp-json\/wp\/v2\/posts\/8745","targetHints":{"allow":["GET"]}}],"collection":[{"href":"https:\/\/www.amchambaq.com\/es_co\/wp-json\/wp\/v2\/posts"}],"about":[{"href":"https:\/\/www.amchambaq.com\/es_co\/wp-json\/wp\/v2\/types\/post"}],"author":[{"embeddable":true,"href":"https:\/\/www.amchambaq.com\/es_co\/wp-json\/wp\/v2\/users\/1"}],"replies":[{"embeddable":true,"href":"https:\/\/www.amchambaq.com\/es_co\/wp-json\/wp\/v2\/comments?post=8745"}],"version-history":[{"count":1,"href":"https:\/\/www.amchambaq.com\/es_co\/wp-json\/wp\/v2\/posts\/8745\/revisions"}],"predecessor-version":[{"id":8746,"href":"https:\/\/www.amchambaq.com\/es_co\/wp-json\/wp\/v2\/posts\/8745\/revisions\/8746"}],"wp:featuredmedia":[{"embeddable":true,"href":"https:\/\/www.amchambaq.com\/es_co\/wp-json\/wp\/v2\/media\/8616"}],"wp:attachment":[{"href":"https:\/\/www.amchambaq.com\/es_co\/wp-json\/wp\/v2\/media?parent=8745"}],"wp:term":[{"taxonomy":"category","embeddable":true,"href":"https:\/\/www.amchambaq.com\/es_co\/wp-json\/wp\/v2\/categories?post=8745"},{"taxonomy":"post_tag","embeddable":true,"href":"https:\/\/www.amchambaq.com\/es_co\/wp-json\/wp\/v2\/tags?post=8745"}],"curies":[{"name":"wp","href":"https:\/\/api.w.org\/{rel}","templated":true}]}}