{"id":8743,"date":"2021-12-13T08:33:11","date_gmt":"2021-12-13T13:33:11","guid":{"rendered":"https:\/\/www.amchambaq.com\/?p=8743"},"modified":"2021-12-13T08:33:11","modified_gmt":"2021-12-13T13:33:11","slug":"ii-foro-internacional-perspectivas-economicas-politicas-para-america-latina-en-2022","status":"publish","type":"post","link":"https:\/\/www.amchambaq.com\/es_co\/ii-foro-internacional-perspectivas-economicas-politicas-para-america-latina-en-2022\/","title":{"rendered":"II Foro Internacional: Perspectivas Econ\u00f3micas &#038; Pol\u00edticas para Am\u00e9rica Latina en 2022"},"content":{"rendered":"<p>Llega fin de a\u00f1o y muchos sentimos la necesidad de adaptar nuestros planes de trabajo, de estudio y los proyectos futuros de nuestras empresas, teniendo en cuenta las expectativas que se tienen de la econom\u00eda y la pol\u00edtica en cada uno de nuestros pa\u00edses para el a\u00f1o pr\u00f3ximo. Es por esto que el\u00a0<em>Thomas Jefferson Institute for the Americas<\/em>\u00a0de\u00a0<em>los Estados Unidos<\/em>\u00a0cierra este exitoso 2021 con un gran evento de fin de a\u00f1o titulado\u00a0<em>II Foro Internacional \u201cPerspectivas econ\u00f3micas y pol\u00edticas para Am\u00e9rica Latina en 2022\u201d<\/em>\u00a0que tendr\u00e1 lugar los d\u00edas mi\u00e9rcoles 15 de diciembre y jueves 16 de diciembre a partir de las 5pm hora de\u00a0<em>Colombia<\/em>, organizado con el apoyo de la\u00a0<strong><em>C\u00e1mara de Comercio de los Estados Unidos en Barranquilla<\/em>,\u00a0<em>Colombia (AmCham Barranquilla)<\/em><\/strong>, la\u00a0<em>C\u00e1mara de Comercio de los Estados Unidos en Guatemala (AmCham Guatemala)<\/em>, la\u00a0<em>Bastiat Society of Argentina<\/em>\u00a0del\u00a0<em>American Institute for Economic Research (AIER)<\/em>\u00a0y la adhesi\u00f3n de importantes organizaciones de todo el continente tales como\u00a0<em>El Tecnol\u00f3gico Universitario ARGOS<\/em>\u00a0de Guayaquil (Ecuador) y\u00a0<a href=\"https:\/\/elbastioncya.com\/\" target=\"_blank\" rel=\"noreferrer noopener\"><em>El Basti\u00f3n<\/em><\/a>, medio de difusi\u00f3n y defensa de los beneficios de la libertad de gran prestigio nacional e internacional y del cual orgullosamente soy miembro.<\/p>\n<p>Lejos de ser posible una mirada regional general optimista o pesimista, ya que cada pa\u00eds enfrenta una realidad diferente, hemos convocado a 26 expertos de renombre internacional para analizar las perspectivas econ\u00f3micas y pol\u00edticas de cada uno de los 18 pa\u00edses de la regi\u00f3n:\u00a0<strong>Argentina<\/strong>,\u00a0<strong>Bolivia<\/strong>,\u00a0<strong>Brasil<\/strong>,\u00a0<strong>Colombia<\/strong>,\u00a0<strong>Costa Rica<\/strong>,\u00a0<strong>Cuba<\/strong>,\u00a0<strong>Chile<\/strong>,\u00a0<strong>Ecuador<\/strong>,\u00a0<strong>El Salvador<\/strong>,\u00a0<strong>Guatemala<\/strong>,\u00a0<strong>Honduras<\/strong>,\u00a0<strong>M\u00e9xico<\/strong>,\u00a0<strong>Nicaragua<\/strong>,\u00a0<strong>Panam\u00e1<\/strong>,\u00a0<strong>Paraguay<\/strong>,\u00a0<strong>Per\u00fa<\/strong>,\u00a0<strong>Uruguay<\/strong>\u00a0y\u00a0<strong>Venezuela<\/strong>. Las ponencias por pa\u00eds se agrupan en cuatro paneles: 1) El panel de pa\u00edses de Am\u00e9rica del Sur I, 2) El panel de pa\u00edses de Centroam\u00e9rica, 3) El panel de pa\u00edses autocr\u00e1ticos y 4) El panel de M\u00e9xico y pa\u00edses de Am\u00e9rica del Sur II.<\/p>\n<p>Tendremos adem\u00e1s la presencia de cuatro expertos que disertar\u00e1n acerca de temas de fundamental importancia para el futuro de las Am\u00e9ricas.\u00a0<strong>Franklin L\u00f3pez Buena\u00f1o<\/strong>\u00a0expondr\u00e1 acerca de\u00a0<strong><em>Pol\u00edtica monetaria e inflaci\u00f3n en Am\u00e9rica Latina<\/em><\/strong>, habiendo sido \u00e9l mismo uno de los acad\u00e9micos clave en el proceso de dolarizaci\u00f3n del Ecuador que supo brindar 22 maravillosos a\u00f1os de estabilidad monetaria a su pa\u00eds.\u00a0<strong>Alberto Dahik Garzozi<\/strong>\u00a0expondr\u00e1 acerca del tema\u00a0<strong><em>\u00bfLibre comercio o proteccionismo para Am\u00e9rica Latina?<\/em><\/strong>\u00a0en su calidad de director del\u00a0<strong>Centro de Estudios Econ\u00f3micos y Sociales para el Desarrollo (CESDE)<\/strong>\u00a0de la prestigiosa\u00a0<strong>Universidad de Especialidades Esp\u00edritu Santo (UEES)<\/strong>\u00a0en\u00a0<strong>Samborond\u00f3n (Ecuador)<\/strong>.\u00a0<strong>Pablo Arosemena-Marriott<\/strong>, hoy gobernador de la provincia del\u00a0<strong>Guayas (Ecuador)<\/strong>, expondr\u00e1 acerca del tema\u00a0<strong><em>Desaf\u00edos para alcanzar una sociedad libre y segura<\/em><\/strong>. Y\u00a0<strong>Javier Fern\u00e1ndez-Lasquetty<\/strong>, miembro del patronato de la\u00a0<strong>Fundaci\u00f3n FAES<\/strong>\u00a0en\u00a0<strong>Madrid (Espa\u00f1a)<\/strong>\u00a0y pieza clave del equipo de gobierno de la administraci\u00f3n\u00a0<strong>Isabel D\u00edaz Ayuso<\/strong>\u00a0en dicha ciudad capital, expondr\u00e1 acerca del tema\u00a0<strong><em>Una perspectiva europea de Am\u00e9rica Latina<\/em><\/strong>.<\/p>\n<p>Adapt\u00e1ndonos a los tiempos que corren, ninguna de las ponencias durar\u00e1 m\u00e1s de 20 minutos para garantizar as\u00ed el dinamismo del evento. Podr\u00e1n registrarse al foro de manera gratuita en el formulario que se encuentra en este\u00a0<a href=\"https:\/\/jeffersonamericas.org\/2021\/11\/23\/ii-international-forum-2022-economic-and-political-forecast-for-latin-america\/\" target=\"_blank\" rel=\"noreferrer noopener\">ENLACE<\/a>\u00a0y recibir\u00e1n el\u00a0<strong>link a\u00a0Zoom<\/strong>\u00a0en su correo electr\u00f3nico 24 horas antes de la conferencia. En el mismo ver\u00e1n el horario de inicio del evento en cada pa\u00eds, el horario de cada ponencia y las biograf\u00edas detalladas de nuestros conferencistas.<\/p>\n<p><strong>Thomas Jefferson<\/strong>\u00a0dec\u00eda: \u201c<em>Iluminen a la gente en general, y la tiran\u00eda y la opresi\u00f3n del cuerpo y de la mente se desvanecer\u00e1n, tal como lo hacen los esp\u00edritus malignos al amanecer<\/em>\u201d. Es por esto que a tono con todos los esfuerzos del\u00a0<strong>Thomas Jefferson Institute for the Americas<\/strong>, este foro internacional constituye uno de nuestros programas destinados a fortalecer a los actores clave de la sociedad civil en sus capacidades para participar e influir en el proceso de dise\u00f1o de pol\u00edticas p\u00fablicas sanas y efectivas. En ese sentido, nuestros programas sirven a legisladores, formadores de opini\u00f3n (l\u00edderes empresariales, profesores universitarios, periodistas y estudiantes universitarios, entre otros) y al p\u00fablico en general, interesados en nuestra misi\u00f3n que plantea una regi\u00f3n libre, pr\u00f3spera y pac\u00edfica donde gobiernos limitados defiendan los derechos individuales de toda la ciudadan\u00eda, la propiedad privada y la libre empresa en particular y, por supuesto, el Estado de derecho. Todos, elementos que contribuyen claramente a multiplicar la riqueza y la tan ansiada prosperidad de nuestros pa\u00edses.<\/p>\n<p><strong>\u00a1LOS ESPERAMOS!<\/strong><\/p>\n","protected":false},"excerpt":{"rendered":"<p>Llega fin de a\u00f1o y muchos sentimos la necesidad de adaptar nuestros planes de trabajo, de estudio y los proyectos futuros de nuestras empresas, teniendo en cuenta las expectativas que se tienen de la econom\u00eda y la pol\u00edtica en cada uno de nuestros pa\u00edses para el a\u00f1o pr\u00f3ximo. Es por esto que el\u00a0Thomas Jefferson Institute<\/p>\n","protected":false},"author":1,"featured_media":8709,"comment_status":"closed","ping_status":"closed","sticky":false,"template":"","format":"standard","meta":{"footnotes":""},"categories":[181],"tags":[],"class_list":["post-8743","post","type-post","status-publish","format-standard","has-post-thumbnail","hentry","category-noticias"],"views":86,"_links":{"self":[{"href":"https:\/\/www.amchambaq.com\/es_co\/wp-json\/wp\/v2\/posts\/8743","targetHints":{"allow":["GET"]}}],"collection":[{"href":"https:\/\/www.amchambaq.com\/es_co\/wp-json\/wp\/v2\/posts"}],"about":[{"href":"https:\/\/www.amchambaq.com\/es_co\/wp-json\/wp\/v2\/types\/post"}],"author":[{"embeddable":true,"href":"https:\/\/www.amchambaq.com\/es_co\/wp-json\/wp\/v2\/users\/1"}],"replies":[{"embeddable":true,"href":"https:\/\/www.amchambaq.com\/es_co\/wp-json\/wp\/v2\/comments?post=8743"}],"version-history":[{"count":1,"href":"https:\/\/www.amchambaq.com\/es_co\/wp-json\/wp\/v2\/posts\/8743\/revisions"}],"predecessor-version":[{"id":8744,"href":"https:\/\/www.amchambaq.com\/es_co\/wp-json\/wp\/v2\/posts\/8743\/revisions\/8744"}],"wp:featuredmedia":[{"embeddable":true,"href":"https:\/\/www.amchambaq.com\/es_co\/wp-json\/wp\/v2\/media\/8709"}],"wp:attachment":[{"href":"https:\/\/www.amchambaq.com\/es_co\/wp-json\/wp\/v2\/media?parent=8743"}],"wp:term":[{"taxonomy":"category","embeddable":true,"href":"https:\/\/www.amchambaq.com\/es_co\/wp-json\/wp\/v2\/categories?post=8743"},{"taxonomy":"post_tag","embeddable":true,"href":"https:\/\/www.amchambaq.com\/es_co\/wp-json\/wp\/v2\/tags?post=8743"}],"curies":[{"name":"wp","href":"https:\/\/api.w.org\/{rel}","templated":true}]}}