{"id":8739,"date":"2021-12-09T17:12:23","date_gmt":"2021-12-09T22:12:23","guid":{"rendered":"https:\/\/www.amchambaq.com\/?p=8739"},"modified":"2021-12-09T17:12:23","modified_gmt":"2021-12-09T22:12:23","slug":"la-confianza-de-los-colombianos-en-las-empresas-aumento-a-que-se-debe","status":"publish","type":"post","link":"https:\/\/www.amchambaq.com\/es_co\/la-confianza-de-los-colombianos-en-las-empresas-aumento-a-que-se-debe\/","title":{"rendered":"La confianza de los colombianos en las empresas aument\u00f3: a qu\u00e9 se debe"},"content":{"rendered":"<p>La percepci\u00f3n de los Colombianos sobre el futuro, la recuperaci\u00f3n econ\u00f3mica y la credibilidad en las instituciones cambi\u00f3 producto de la covid-19, as\u00ed lo demostr\u00f3 la Encuesta Mundial de Valores. En 2021, <b>los colombianos creen m\u00e1s en el sector privado que en las instituciones p\u00fablicas.<\/b><\/p>\n<p>La credibilidad en las empresas aument\u00f3 6 puntos porcentuales, pasando del 39% al 45% de colombianos que conf\u00edan en este sector.\u00a0<b>Caso contrario sucedi\u00f3 con el Gobierno Nacional, cuya favorabilidad disminuy\u00f3 8 puntos porcentuales.\u00a0<\/b>Solo el 17% de ciudadanos encuestados cree en su administraci\u00f3n.<\/p>\n<p><b>La Encuesta de Valores,\u00a0<\/b>cuya muestra representativa recoge diferentes niveles socioecon\u00f3micos y regiones del pa\u00eds, tambi\u00e9n dio a conocer que la Polic\u00eda Nacional disminuy\u00f3 su credibilidad respecto al a\u00f1o pasado, sin embargo, es mayor 3 puntos porcentuales frente al 2018.<\/p>\n<p><b>La confianza en el sector privado va de la mano con la favorabilidad<\/b>\u00a0que tienen las cajas de compensaci\u00f3n en el pa\u00eds. Seg\u00fan las estad\u00edsticas de esta encuesta, el 53% de los colombianos apoya el desempe\u00f1o de estas organizaciones, siendo las m\u00e1s confiables, por encima de la empresa privada.<\/p>\n<p>La seguridad depositada en estas compa\u00f1\u00edas aument\u00f3 7 puntos porcentuales respecto al 2020.<\/p>\n<p><b>REACTIVACI\u00d3N ECON\u00d3MICA<br \/>\n<\/b><br \/>\nAhora bien,<b>\u00a0los colombianos han mejorado su percepci\u00f3n sobre la reactivaci\u00f3n econ\u00f3mica,\u00a0<\/b>por ejemplo, el desempleo disminuy\u00f3 este a\u00f1o 4 puntos porcentuales. Sin embargo, este fen\u00f3meno sigue afectando a la poblaci\u00f3n de bajos recursos.<\/p>\n<p>Mientras que el 35% de las personas de nivel socioecon\u00f3mico 1 y 2 perdieron su empleo este a\u00f1o, solo el 18% pertenecientes a los niveles 5 y 6 vivieron el desempleo en el 2021.<\/p>\n<p>Este fen\u00f3meno tambi\u00e9n tiene una brecha de g\u00e9nero de 9 puntos porcentuales. Las mujeres han perdido m\u00e1s sus puestos, con un 34% de su poblaci\u00f3n. En el caso de los hombres, el 25% fueron despedidos.<\/p>\n<p><b>La pandemia tambi\u00e9n cambi\u00f3 las din\u00e1micas de los trabajos, su contrataci\u00f3n y los oficios.<br \/>\n<\/b><br \/>\nLos contratos de tiempo completo pasaron de un 25% a un 36% , con una recuperaci\u00f3n de 11 puntos porcentuales. Sin embargo, el trabajo independiente tambi\u00e9n creci\u00f3 dos puntos porcentuales.<\/p>\n<p>Pese al desempleo de estos dos \u00faltimos a\u00f1os, cada vez menos personas se dedican a ser amas de casa, pasando de un 20% de la poblaci\u00f3n en 2018 a 7% este a\u00f1o.<\/p>\n<p>El nivel de recuperaci\u00f3n econ\u00f3mica tambi\u00e9n se evidenci\u00f3 en la cantidad de negocios que se mantienen vigentes. Con un panorama alentador,\u00a0<b>este a\u00f1o el porcentaje de empresas que clausuraron fue del 17%<\/b>, frente a un 21% en 2020, siendo la regi\u00f3n Caribe la que mejor se recuper\u00f3.<\/p>\n<p>Sin embargo, los colombianos tienen una percepci\u00f3n pesimista sobre qu\u00e9 tan afectado saldr\u00e1 el pa\u00eds de la crisis, mayor a la visi\u00f3n que ten\u00edan el a\u00f1o pasado.<\/p>\n<p>En el 2021,\u00a0<b>el 60% de los ciudadanos manifestaron que Colombia saldr\u00e1 gravemente afectada de la crisis,<\/b>\u00a0esta poblaci\u00f3n aument\u00f3 5 puntos porcentuales respecto al a\u00f1o pasado.<\/p>\n<p>Es m\u00e1s, el porcentaje de las personas que s\u00ed cre\u00edan que el pa\u00eds saldr\u00eda bien librado se redujo a 9%, este a\u00f1o. Mientras que en el 2020, 19% de los colombianos s\u00ed ten\u00edan una percepci\u00f3n positiva sobre el futuro econ\u00f3mico de la sociedad.<\/p>\n<p>Este pesimismo se junta con la preocupaci\u00f3n financiera. El 75% de los encuestados temen caer en una crisis econ\u00f3mica m\u00e1s que enfermarse (65%)<b>. La poblaci\u00f3n m\u00e1s preocupada por esta situaci\u00f3n son los j\u00f3venes,<\/b>\u00a0con un 83% de personas entre 14 y 24 a\u00f1os.<\/p>\n<p><b>P\u00c9RDIDAS FAMILIARES Y DE BIENESTAR<br \/>\n<\/b><br \/>\nEn 2021,\u00a0<b>el 56% de las personas experimentaron s\u00edntomas leves de covid-19\u00a0<\/b>o uno de sus familiares estuvo enfermo, mientras que en el 2020 solo 11% percibieron esto.<\/p>\n<p>Adem\u00e1s el 36% experiment\u00f3 la muerte de un familiar o de un cercano. Este fen\u00f3meno afect\u00f3 m\u00e1s a la poblaci\u00f3n de un nivel socioecon\u00f3mico entre bajo y medio, con un 38% y 36%, respectivamente.<\/p>\n<p>Esto asever\u00f3 el\u00a0<b>miedo de las personas a contagiarse,<\/b>\u00a0pasando de un 57% a un 68% este a\u00f1o.<\/p>\n<p>Tomado de: PORTAFOLIO<\/p>\n","protected":false},"excerpt":{"rendered":"<p>La percepci\u00f3n de los Colombianos sobre el futuro, la recuperaci\u00f3n econ\u00f3mica y la credibilidad en las instituciones cambi\u00f3 producto de la covid-19, as\u00ed lo demostr\u00f3 la Encuesta Mundial de Valores. En 2021, los colombianos creen m\u00e1s en el sector privado que en las instituciones p\u00fablicas. La credibilidad en las empresas aument\u00f3 6 puntos porcentuales, pasando<\/p>\n","protected":false},"author":1,"featured_media":7876,"comment_status":"closed","ping_status":"closed","sticky":false,"template":"","format":"standard","meta":{"footnotes":""},"categories":[181],"tags":[],"class_list":["post-8739","post","type-post","status-publish","format-standard","has-post-thumbnail","hentry","category-noticias"],"views":119,"_links":{"self":[{"href":"https:\/\/www.amchambaq.com\/es_co\/wp-json\/wp\/v2\/posts\/8739","targetHints":{"allow":["GET"]}}],"collection":[{"href":"https:\/\/www.amchambaq.com\/es_co\/wp-json\/wp\/v2\/posts"}],"about":[{"href":"https:\/\/www.amchambaq.com\/es_co\/wp-json\/wp\/v2\/types\/post"}],"author":[{"embeddable":true,"href":"https:\/\/www.amchambaq.com\/es_co\/wp-json\/wp\/v2\/users\/1"}],"replies":[{"embeddable":true,"href":"https:\/\/www.amchambaq.com\/es_co\/wp-json\/wp\/v2\/comments?post=8739"}],"version-history":[{"count":1,"href":"https:\/\/www.amchambaq.com\/es_co\/wp-json\/wp\/v2\/posts\/8739\/revisions"}],"predecessor-version":[{"id":8740,"href":"https:\/\/www.amchambaq.com\/es_co\/wp-json\/wp\/v2\/posts\/8739\/revisions\/8740"}],"wp:featuredmedia":[{"embeddable":true,"href":"https:\/\/www.amchambaq.com\/es_co\/wp-json\/wp\/v2\/media\/7876"}],"wp:attachment":[{"href":"https:\/\/www.amchambaq.com\/es_co\/wp-json\/wp\/v2\/media?parent=8739"}],"wp:term":[{"taxonomy":"category","embeddable":true,"href":"https:\/\/www.amchambaq.com\/es_co\/wp-json\/wp\/v2\/categories?post=8739"},{"taxonomy":"post_tag","embeddable":true,"href":"https:\/\/www.amchambaq.com\/es_co\/wp-json\/wp\/v2\/tags?post=8739"}],"curies":[{"name":"wp","href":"https:\/\/api.w.org\/{rel}","templated":true}]}}