{"id":8674,"date":"2021-12-01T11:02:40","date_gmt":"2021-12-01T16:02:40","guid":{"rendered":"https:\/\/www.amchambaq.com\/?p=8674"},"modified":"2021-12-01T11:02:40","modified_gmt":"2021-12-01T16:02:40","slug":"la-biodiverciudad-y-el-desarrollo-urbano-sostenible-en-agenda-hoy-en-barranquilla","status":"publish","type":"post","link":"https:\/\/www.amchambaq.com\/es_co\/la-biodiverciudad-y-el-desarrollo-urbano-sostenible-en-agenda-hoy-en-barranquilla\/","title":{"rendered":"La biodiverciudad y el desarrollo urbano sostenible, en agenda hoy en Barranquilla"},"content":{"rendered":"<p>\u00bfC\u00f3mo integrar el cuidado del medioambiente y de la biodiversidad con un desarrollo urbano sostenible, poniendo a los ciudadanos en el centro de la acci\u00f3n? Ese es el tema central que estar\u00e1n debatiendo hoy mi\u00e9rcoles 1 de diciembre, en Barranquilla, los alcaldes de 9 ciudades del continente en el primer Foro de Biodiverciudades de Am\u00e9rica Latina y el Caribe.<\/p>\n<p>Con este encuentro, que organizan CAF (Banco de Desarrollo de Am\u00e9rica Latina) y la Alcald\u00eda Distrital, Barranquilla ser\u00e1 capital de las biodiverciudades latinoamericanas, impulsando el proyecto de ciudades que integren arm\u00f3nicamente su riqueza natural en su planeaci\u00f3n urbana y desarrollo econ\u00f3mico y social.<\/p>\n<p>El intercambio de experiencias se enriquecer\u00e1 desde los liderazgos locales de ciudades de Argentina, Brasil, Bolivia, Colombia, Per\u00fa y Uruguay, con aportes de l\u00edderes de diferentes \u00e1mbitos del desarrollo urbano.<\/p>\n<p>La preservaci\u00f3n de los ecosistemas urbanos a partir de la provisi\u00f3n de infraestructura social, la biodiversidad como catalizadora del desarrollo productivo en las ciudades y la relaci\u00f3n entre el gobierno local y la construcci\u00f3n de ciudadan\u00eda en la protecci\u00f3n de los recursos naturales de los municipios, estar\u00e1n entre las tem\u00e1ticas de este debate en Barranquilla, que tendr\u00e1 como escenario el Pabell\u00f3n de Cristal en el Gran Malec\u00f3n, a partir de las 9:30 a.m.<\/p>\n<p>C\u00f3mo transformar ciudades desde la naturaleza motivar\u00e1 una reflexi\u00f3n sobre este enfoque del desarrollo, a partir de la exposici\u00f3n de Mar\u00eda Ang\u00e9lica Mej\u00eda, l\u00edder de la iniciativa \u201cBiodiverciudades para el 2030\u201d, del Instituto Alexander Von Humboldt.<\/p>\n<p>Conseguir la inclusi\u00f3n social en las biodiverciudades, a partir de la preservaci\u00f3n de los ecosistemas urbanos y la infraestructura, centrar\u00e1 los an\u00e1lisis con participaci\u00f3n de autoridades que presentar\u00e1n sus experiencias: Leonardo Botto, alcalde de Luj\u00e1n (Argentina); Ivo Ferreira Gomes, alcalde de Sobral (Brasil); Mart\u00edn Llaryora, alcalde de C\u00f3rdoba (Argentina) y Mar\u00eda Emilsen Angulo Guevara, alcaldesa de Tumaco (Colombia).<\/p>\n<p>El Foro tambi\u00e9n abrir\u00e1 espacio a la biodiversidad como motor del desarrollo productivo en las ciudades y este enfoque lo compartir\u00e1n Walter Vuoto, alcalde de Ushuaia (Argentina); Axel Grael, alcalde de Niteroi (Brasil) y Enrique Ant\u00eda, alcalde Maldonado (Uruguay).<\/p>\n<p>La relaci\u00f3n entre el gobierno local y la construcci\u00f3n de ciudadan\u00eda en la protecci\u00f3n de los recursos naturales centrar\u00e1 la atenci\u00f3n de Jorge Mu\u00f1oz, alcalde de Lima (Per\u00fa); Eva Copa, alcaldesa de El Alto (Bolivia); Neyla Yadira Am\u00fa, alcaldesa de Timbiqu\u00ed (Colombia) y Ximena Barrera, directora de pol\u00edtica de World Wide Fund for Nature-Colombia.<\/p>\n<p>En la agenda, la visi\u00f3n de Barranquilla 2100 y su futuro como biodiverciudad ser\u00e1n presentados por el alcalde Jaime Pumarejo Heins y el gerente de Puerta de Oro, Empresa de Desarrollo del Caribe, Ricardo Vives.<\/p>\n<p>Los participantes en este encuentro articular\u00e1n la estrategia de trabajo para consolidar la red de biodiverciudades de Am\u00e9rica Latina y el Caribe, que trabajar\u00e1 para proteger y la biodiversidad y el desarrollo urbano.<\/p>\n<p>Barranquilla, desde su Plan de Desarrollo 2020-2023, defini\u00f3 el reto de la biodiverciudad entre sus prioridades y trabaja con ese objetivo en sus grandes proyectos, entre ellos la recuperaci\u00f3n de la ci\u00e9naga de Mallorqu\u00edn, de los cuerpos de agua, del Centro hist\u00f3rico de la ciudad y el cuidado del entorno urbano-ambiental con acciones como la construcci\u00f3n de nuevos parques, bulevares, espacios p\u00fablicos y zonas verdes.<\/p>\n<p>El evento ser\u00e1 transmitido de manera virtual, a trav\u00e9s de las redes sociales de CAF y la Alcald\u00eda de Barranquilla.<\/p>\n<p>Tomado de: ALCALD\u00cdA DE BARRANQUILLA<\/p>\n","protected":false},"excerpt":{"rendered":"<p>\u00bfC\u00f3mo integrar el cuidado del medioambiente y de la biodiversidad con un desarrollo urbano sostenible, poniendo a los ciudadanos en el centro de la acci\u00f3n? Ese es el tema central que estar\u00e1n debatiendo hoy mi\u00e9rcoles 1 de diciembre, en Barranquilla, los alcaldes de 9 ciudades del continente en el primer Foro de Biodiverciudades de Am\u00e9rica<\/p>\n","protected":false},"author":1,"featured_media":8675,"comment_status":"closed","ping_status":"closed","sticky":false,"template":"","format":"standard","meta":{"footnotes":""},"categories":[181],"tags":[],"class_list":["post-8674","post","type-post","status-publish","format-standard","has-post-thumbnail","hentry","category-noticias"],"views":104,"_links":{"self":[{"href":"https:\/\/www.amchambaq.com\/es_co\/wp-json\/wp\/v2\/posts\/8674","targetHints":{"allow":["GET"]}}],"collection":[{"href":"https:\/\/www.amchambaq.com\/es_co\/wp-json\/wp\/v2\/posts"}],"about":[{"href":"https:\/\/www.amchambaq.com\/es_co\/wp-json\/wp\/v2\/types\/post"}],"author":[{"embeddable":true,"href":"https:\/\/www.amchambaq.com\/es_co\/wp-json\/wp\/v2\/users\/1"}],"replies":[{"embeddable":true,"href":"https:\/\/www.amchambaq.com\/es_co\/wp-json\/wp\/v2\/comments?post=8674"}],"version-history":[{"count":1,"href":"https:\/\/www.amchambaq.com\/es_co\/wp-json\/wp\/v2\/posts\/8674\/revisions"}],"predecessor-version":[{"id":8676,"href":"https:\/\/www.amchambaq.com\/es_co\/wp-json\/wp\/v2\/posts\/8674\/revisions\/8676"}],"wp:featuredmedia":[{"embeddable":true,"href":"https:\/\/www.amchambaq.com\/es_co\/wp-json\/wp\/v2\/media\/8675"}],"wp:attachment":[{"href":"https:\/\/www.amchambaq.com\/es_co\/wp-json\/wp\/v2\/media?parent=8674"}],"wp:term":[{"taxonomy":"category","embeddable":true,"href":"https:\/\/www.amchambaq.com\/es_co\/wp-json\/wp\/v2\/categories?post=8674"},{"taxonomy":"post_tag","embeddable":true,"href":"https:\/\/www.amchambaq.com\/es_co\/wp-json\/wp\/v2\/tags?post=8674"}],"curies":[{"name":"wp","href":"https:\/\/api.w.org\/{rel}","templated":true}]}}