{"id":8612,"date":"2021-11-23T11:37:53","date_gmt":"2021-11-23T16:37:53","guid":{"rendered":"https:\/\/www.amchambaq.com\/?p=8612"},"modified":"2021-11-23T11:37:53","modified_gmt":"2021-11-23T16:37:53","slug":"exportaciones-del-atlantico-suman-usd1-169-millones","status":"publish","type":"post","link":"https:\/\/www.amchambaq.com\/es_co\/exportaciones-del-atlantico-suman-usd1-169-millones\/","title":{"rendered":"Exportaciones del Atl\u00e1ntico suman USD1.169 millones"},"content":{"rendered":"<p>Las exportaciones de bienes del Atl\u00e1ntico, entre enero y septiembre de este a\u00f1o, sumaron USD1.169,3 millones y tuvieron un crecimiento del 33,7% frente al mismo periodo del 2020 indic\u00f3 la ministra de Comercio, Industria y Turismo,\u00a0<strong>Mar\u00eda Ximena Lombana.<\/strong><\/p>\n<p>Para seguir impulsando este crecimiento, el Mincomercio y la sociedad\u00a0<strong>Puerto de Barranquilla\u00a0<\/strong>acordaron fortalecer las l\u00edneas de trabajo en el marco de la mesa de facilitaci\u00f3n de comercio exterior durante una visita realizada por la titular de esta cartera al terminal barranquillero.<\/p>\n<p>El presidente de la sociedad Puerto de Barranquilla, Ren\u00e9 Puche, indic\u00f3 que la mesa se re\u00fane mensualmente con participaci\u00f3n de diferentes funcionarios del Gobierno.<\/p>\n<p>\u201cEs una muy buena experiencia la colaboraci\u00f3n que tenemos con el Mincomercio que siempre ha estado atento a las problem\u00e1ticas que tenemos. El apoyo de la ministra y de su equipo ha sido importante\u201d, agreg\u00f3 el ejecutivo.<\/p>\n<p>\u201cAcordamos con autoridades del Puerto de Barranquilla revisar y fortalecer los niveles de inspecci\u00f3n y las\u00a0<strong>condiciones de seguridad,<\/strong>\u00a0a trav\u00e9s de un trabajo mancomunado con la polic\u00eda antinarc\u00f3ticos, los exportadores y agencias de aduanas\u201d, public\u00f3 a su vez la ministra Lombana en su cuenta de Twitter.<\/p>\n<p>En su recorrido por el terminal portuario observ\u00f3 los sistemas de inspecci\u00f3n no intrusiva, los esc\u00e1neres y su funcionamiento.<\/p>\n<p>La visita incluy\u00f3 la bodega de refrigerados la cual tiene una operaci\u00f3n creciente con manejo de productos perecederos, tales como naranjas, para lo cual cuenta con una certificaci\u00f3n del Gobierno de Estados Unidos. Entre otros, los productos que manejan est\u00e1n los aguacates, ar\u00e1ndanos, limones y flores.<\/p>\n<p>\u201cActualmente tenemos un 90% de ocupaci\u00f3n en la bodega, lo cual es muy importante para el crecimiento y recuperaci\u00f3n de la econom\u00eda\u201d, indic\u00f3 Puche.<\/p>\n<p>El presidente de la sociedad Puerto de Barranquilla destac\u00f3 que la visita de la ministra estuvo enfocada en analizar la din\u00e1mica del comercio exterior en Barranquilla y en particular sobre las operaciones del terminal.<\/p>\n<p>Destac\u00f3 el crecimiento de volumen de\u00a0<strong>carga desde la zona portuaria\u00a0<\/strong>de Barranquilla, en especial de contenedores, lo que confirma que la capital del Atl\u00e1ntico es l\u00edder en la recuperaci\u00f3n econ\u00f3mica.<\/p>\n<p>\u201cLe mostramos a la ministra las inversiones que venimos realizando como la nueva bodega granelera y un nuevo muelle en el patio de<strong>\u00a0carb\u00f3n,<\/strong>\u00a0las cuales muestran nuestro compromiso con el sector portuario\u201d, dijo Puche.<\/p>\n<p>El empresario afirm\u00f3 que este a\u00f1o ha sido positivo para el terminal y no solo desde el punto de vista del volumen de carga movilizado. El movimiento de contenedores aument\u00f3 en un 20% frente al a\u00f1o pasado y el coque tambi\u00e9n con el repunte de las exportaciones.<\/p>\n<p>En cuanto a carga general, tambi\u00e9n hay buenos resultados como producto de las alianzas empresariales que han realizado.<\/p>\n<p>Tomado de: EL HERALDO<\/p>\n","protected":false},"excerpt":{"rendered":"<p>Las exportaciones de bienes del Atl\u00e1ntico, entre enero y septiembre de este a\u00f1o, sumaron USD1.169,3 millones y tuvieron un crecimiento del 33,7% frente al mismo periodo del 2020 indic\u00f3 la ministra de Comercio, Industria y Turismo,\u00a0Mar\u00eda Ximena Lombana. Para seguir impulsando este crecimiento, el Mincomercio y la sociedad\u00a0Puerto de Barranquilla\u00a0acordaron fortalecer las l\u00edneas de trabajo<\/p>\n","protected":false},"author":1,"featured_media":8613,"comment_status":"closed","ping_status":"closed","sticky":false,"template":"","format":"standard","meta":{"footnotes":""},"categories":[181],"tags":[],"class_list":["post-8612","post","type-post","status-publish","format-standard","has-post-thumbnail","hentry","category-noticias"],"views":94,"_links":{"self":[{"href":"https:\/\/www.amchambaq.com\/es_co\/wp-json\/wp\/v2\/posts\/8612","targetHints":{"allow":["GET"]}}],"collection":[{"href":"https:\/\/www.amchambaq.com\/es_co\/wp-json\/wp\/v2\/posts"}],"about":[{"href":"https:\/\/www.amchambaq.com\/es_co\/wp-json\/wp\/v2\/types\/post"}],"author":[{"embeddable":true,"href":"https:\/\/www.amchambaq.com\/es_co\/wp-json\/wp\/v2\/users\/1"}],"replies":[{"embeddable":true,"href":"https:\/\/www.amchambaq.com\/es_co\/wp-json\/wp\/v2\/comments?post=8612"}],"version-history":[{"count":1,"href":"https:\/\/www.amchambaq.com\/es_co\/wp-json\/wp\/v2\/posts\/8612\/revisions"}],"predecessor-version":[{"id":8614,"href":"https:\/\/www.amchambaq.com\/es_co\/wp-json\/wp\/v2\/posts\/8612\/revisions\/8614"}],"wp:featuredmedia":[{"embeddable":true,"href":"https:\/\/www.amchambaq.com\/es_co\/wp-json\/wp\/v2\/media\/8613"}],"wp:attachment":[{"href":"https:\/\/www.amchambaq.com\/es_co\/wp-json\/wp\/v2\/media?parent=8612"}],"wp:term":[{"taxonomy":"category","embeddable":true,"href":"https:\/\/www.amchambaq.com\/es_co\/wp-json\/wp\/v2\/categories?post=8612"},{"taxonomy":"post_tag","embeddable":true,"href":"https:\/\/www.amchambaq.com\/es_co\/wp-json\/wp\/v2\/tags?post=8612"}],"curies":[{"name":"wp","href":"https:\/\/api.w.org\/{rel}","templated":true}]}}