{"id":8314,"date":"2021-11-16T09:21:13","date_gmt":"2021-11-16T14:21:13","guid":{"rendered":"https:\/\/www.amchambaq.com\/?p=8314"},"modified":"2021-11-16T09:21:13","modified_gmt":"2021-11-16T14:21:13","slug":"los-ocho-temas-que-negocio-colombia-en-la-recta-final-de-la-cumbre-climatica-cop26","status":"publish","type":"post","link":"https:\/\/www.amchambaq.com\/es_co\/los-ocho-temas-que-negocio-colombia-en-la-recta-final-de-la-cumbre-climatica-cop26\/","title":{"rendered":"Los ocho temas que negoci\u00f3 Colombia en la recta final de la cumbre clim\u00e1tica COP26"},"content":{"rendered":"<p>En la recta final de la cumbre clim\u00e1tica\u00a0<u>COP26<\/u>, que se llev\u00f3 a cabo desde el pasado 31 de octubre en Glasgow, Escocia, Colombia negoci\u00f3 una agenda de temas variados, , incluyendo el aumento de la ambici\u00f3n en la mitigaci\u00f3n, adaptaci\u00f3n, las p\u00e9rdidas y da\u00f1os, y el financiamiento para enfrentar los efectos de la crisis clim\u00e1tica global.<\/p>\n<p>Fueron ocho tem\u00e1ticas principales en las que el pa\u00eds busc\u00f3 concertar avances, con un equipo de negociadores y expertos de los ministerios de Ambiente, Relaciones Exteriores, Hacienda, Agricultura, el Departamento Nacional de Planeaci\u00f3n (DNP) y el Instituto de Hidrolog\u00eda, Meteorolog\u00eda y Estudios Ambientales (Ideam), liderado por el ministro Carlos Eduardo Correa, jefe de la delegaci\u00f3n colombiana.<\/p>\n<p>Uno de los temas principales son las p\u00e9rdidas y da\u00f1os. All\u00ed, \u00c1ngela Rivera, coordinadora de Ailac para los temas de adaptaci\u00f3n y vocera en las negociaciones, explic\u00f3 que el pa\u00eds abog\u00f3 por definir las funciones de la Red de Santiago sobre P\u00e9rdidas y Da\u00f1os, logrando la posibilidad de acceder a asistencia t\u00e9cnica para identificar y priorizar sus necesidades.<\/p>\n<p>Asimismo, Adriana Guti\u00e9rrez, negociadora de MinAmbiente, enfatiz\u00f3 en los mercados cooperativos, entre ellos los mercados de carbono.<\/p>\n<p>De la misma manera, Iv\u00f3n Maritza Casallas Mart\u00ednez, funcionaria del Ideam, apunt\u00f3 que para cumplir con el Acuerdo de Par\u00eds, es muy importante que cada pa\u00eds pueda demostrar de manera transparente qu\u00e9 est\u00e1 haciendo para cumplir con sus obligaciones bajo este acuerdo, punto que fue clave en las conversaciones sostenidas.<\/p>\n<p>En conclusi\u00f3n, las tem\u00e1ticas fueron la ambici\u00f3n, finanzas, adaptaci\u00f3n, p\u00e9rdidas y da\u00f1os, enfoques cooperativos, transparencia, plataforma de comunidades y pueblos ind\u00edgenas, e investigaci\u00f3n y observaciones sistem\u00e1ticas.<\/p>\n<p>El ministro Correa dijo que se lograr\u00e1 la meta de reducciones.<\/p>\n<p>Tomado de: LA REP\u00daBLICA<\/p>\n","protected":false},"excerpt":{"rendered":"<p>En la recta final de la cumbre clim\u00e1tica\u00a0COP26, que se llev\u00f3 a cabo desde el pasado 31 de octubre en Glasgow, Escocia, Colombia negoci\u00f3 una agenda de temas variados, , incluyendo el aumento de la ambici\u00f3n en la mitigaci\u00f3n, adaptaci\u00f3n, las p\u00e9rdidas y da\u00f1os, y el financiamiento para enfrentar los efectos de la crisis clim\u00e1tica<\/p>\n","protected":false},"author":1,"featured_media":8315,"comment_status":"closed","ping_status":"closed","sticky":false,"template":"","format":"standard","meta":{"footnotes":""},"categories":[181],"tags":[],"class_list":["post-8314","post","type-post","status-publish","format-standard","has-post-thumbnail","hentry","category-noticias"],"views":62,"_links":{"self":[{"href":"https:\/\/www.amchambaq.com\/es_co\/wp-json\/wp\/v2\/posts\/8314","targetHints":{"allow":["GET"]}}],"collection":[{"href":"https:\/\/www.amchambaq.com\/es_co\/wp-json\/wp\/v2\/posts"}],"about":[{"href":"https:\/\/www.amchambaq.com\/es_co\/wp-json\/wp\/v2\/types\/post"}],"author":[{"embeddable":true,"href":"https:\/\/www.amchambaq.com\/es_co\/wp-json\/wp\/v2\/users\/1"}],"replies":[{"embeddable":true,"href":"https:\/\/www.amchambaq.com\/es_co\/wp-json\/wp\/v2\/comments?post=8314"}],"version-history":[{"count":1,"href":"https:\/\/www.amchambaq.com\/es_co\/wp-json\/wp\/v2\/posts\/8314\/revisions"}],"predecessor-version":[{"id":8316,"href":"https:\/\/www.amchambaq.com\/es_co\/wp-json\/wp\/v2\/posts\/8314\/revisions\/8316"}],"wp:featuredmedia":[{"embeddable":true,"href":"https:\/\/www.amchambaq.com\/es_co\/wp-json\/wp\/v2\/media\/8315"}],"wp:attachment":[{"href":"https:\/\/www.amchambaq.com\/es_co\/wp-json\/wp\/v2\/media?parent=8314"}],"wp:term":[{"taxonomy":"category","embeddable":true,"href":"https:\/\/www.amchambaq.com\/es_co\/wp-json\/wp\/v2\/categories?post=8314"},{"taxonomy":"post_tag","embeddable":true,"href":"https:\/\/www.amchambaq.com\/es_co\/wp-json\/wp\/v2\/tags?post=8314"}],"curies":[{"name":"wp","href":"https:\/\/api.w.org\/{rel}","templated":true}]}}