{"id":8256,"date":"2021-11-02T08:31:47","date_gmt":"2021-11-02T13:31:47","guid":{"rendered":"https:\/\/www.amchambaq.com\/?p=8256"},"modified":"2021-11-02T08:31:47","modified_gmt":"2021-11-02T13:31:47","slug":"colombia-declarara-en-2022-el-30-de-su-territorio-como-area-protegida-duque","status":"publish","type":"post","link":"https:\/\/www.amchambaq.com\/es_co\/colombia-declarara-en-2022-el-30-de-su-territorio-como-area-protegida-duque\/","title":{"rendered":"Colombia declarar\u00e1 en 2022 el 30% de su territorio como \u00e1rea protegida: Duque"},"content":{"rendered":"<p>El presidente\u00a0<strong>Iv\u00e1n Duque<\/strong>\u00a0intervino este martes en la plenaria de la Conferencia de las Naciones Unidas sobre Cambio Clim\u00e1tico,\u00a0<strong>COP26<\/strong>, en Glascow, Escocia.<\/p>\n<p>&#8220;La\u00a0<strong>crisis clim\u00e1tica<\/strong>\u00a0que enfrentamos es el reto m\u00e1s grande de nuestra existencia y requiere acciones concretas y urgentes por parte de todos los pa\u00edses&#8221;, advirti\u00f3 el jefe de Estado.<\/p>\n<p>Frente a la labor desarrollada por Colombia, asever\u00f3 el mandatario: &#8220;Hemos multiplicado por 100 veces la capacidad instalada de energ\u00eda renovables no convencionales y avanzamos para cumplir la meta de los 180 millones de \u00e1rboles sembrados que nos propusimos para el mes de agosto de 2022&#8221;.<\/p>\n<p>Y anunci\u00f3 ante el pleno: &#8220;Estamos promoviendo los contratos de conservaci\u00f3n natural y uni\u00e9ndonos a que podamos tener con otros pa\u00edses el \u00e1rea marina de mayor protecci\u00f3n en el mundo&#8221;.<\/p>\n<p>M\u00e1s temprano, en el evento de Acci\u00f3n de los L\u00edderes de la COP26 sobre los Bosques y el Uso de la Tierra, Duque reiter\u00f3 que Colombia declarar\u00e1 el pr\u00f3ximo a\u00f1o el\u00a0<strong>30%\u00a0<\/strong>de su territorio como\u00a0<strong>\u00e1rea protegida<\/strong>: &#8220;En Colombia no vamos a esperar hasta 2030, sino que hoy nos comprometemos a proteger el 30% de nuestro territorio como \u00e1rea protegida en\u00a0<strong>2022<\/strong>, porque tenemos que actuar ahora&#8221;.<\/p>\n<p>Y, adem\u00e1s, plante\u00f3 a a los asistentes que si un pa\u00eds como Colombia &#8220;que s\u00f3lo tiene el 0,6% de las emisiones mundiales de gases de efecto invernadero se compromete a proteger el 30% de nuestra tierra en 2022, \u00bfpor qu\u00e9 no hacen lo mismo otros pa\u00edses?&#8221;.<\/p>\n<p>Tomado de: EL HERALDO.<\/p>\n","protected":false},"excerpt":{"rendered":"<p>El presidente\u00a0Iv\u00e1n Duque\u00a0intervino este martes en la plenaria de la Conferencia de las Naciones Unidas sobre Cambio Clim\u00e1tico,\u00a0COP26, en Glascow, Escocia. &#8220;La\u00a0crisis clim\u00e1tica\u00a0que enfrentamos es el reto m\u00e1s grande de nuestra existencia y requiere acciones concretas y urgentes por parte de todos los pa\u00edses&#8221;, advirti\u00f3 el jefe de Estado. Frente a la labor desarrollada por<\/p>\n","protected":false},"author":1,"featured_media":8257,"comment_status":"closed","ping_status":"closed","sticky":false,"template":"","format":"standard","meta":{"footnotes":""},"categories":[181],"tags":[],"class_list":["post-8256","post","type-post","status-publish","format-standard","has-post-thumbnail","hentry","category-noticias"],"views":87,"_links":{"self":[{"href":"https:\/\/www.amchambaq.com\/es_co\/wp-json\/wp\/v2\/posts\/8256","targetHints":{"allow":["GET"]}}],"collection":[{"href":"https:\/\/www.amchambaq.com\/es_co\/wp-json\/wp\/v2\/posts"}],"about":[{"href":"https:\/\/www.amchambaq.com\/es_co\/wp-json\/wp\/v2\/types\/post"}],"author":[{"embeddable":true,"href":"https:\/\/www.amchambaq.com\/es_co\/wp-json\/wp\/v2\/users\/1"}],"replies":[{"embeddable":true,"href":"https:\/\/www.amchambaq.com\/es_co\/wp-json\/wp\/v2\/comments?post=8256"}],"version-history":[{"count":1,"href":"https:\/\/www.amchambaq.com\/es_co\/wp-json\/wp\/v2\/posts\/8256\/revisions"}],"predecessor-version":[{"id":8258,"href":"https:\/\/www.amchambaq.com\/es_co\/wp-json\/wp\/v2\/posts\/8256\/revisions\/8258"}],"wp:featuredmedia":[{"embeddable":true,"href":"https:\/\/www.amchambaq.com\/es_co\/wp-json\/wp\/v2\/media\/8257"}],"wp:attachment":[{"href":"https:\/\/www.amchambaq.com\/es_co\/wp-json\/wp\/v2\/media?parent=8256"}],"wp:term":[{"taxonomy":"category","embeddable":true,"href":"https:\/\/www.amchambaq.com\/es_co\/wp-json\/wp\/v2\/categories?post=8256"},{"taxonomy":"post_tag","embeddable":true,"href":"https:\/\/www.amchambaq.com\/es_co\/wp-json\/wp\/v2\/tags?post=8256"}],"curies":[{"name":"wp","href":"https:\/\/api.w.org\/{rel}","templated":true}]}}