{"id":8217,"date":"2021-10-25T17:08:51","date_gmt":"2021-10-25T22:08:51","guid":{"rendered":"https:\/\/www.amchambaq.com\/?p=8217"},"modified":"2021-10-25T17:08:51","modified_gmt":"2021-10-25T22:08:51","slug":"zona-franca-la-cayena-anuncia-inversiones-por-42-mil-millones","status":"publish","type":"post","link":"https:\/\/www.amchambaq.com\/es_co\/zona-franca-la-cayena-anuncia-inversiones-por-42-mil-millones\/","title":{"rendered":"Zona Franca La Cayena anuncia inversiones por $42 mil millones"},"content":{"rendered":"<p>La\u00a0<strong>Zona Franca La Cayena<\/strong>\u00a0y sus usuarios se comprometieron con un plan maestro de inversiones por $42.357 millones en el marco de la aprobaci\u00f3n de la pr\u00f3rroga por 30 a\u00f1os de su operaci\u00f3n.<\/p>\n<p>La pr\u00f3rroga fue aprobada por la Comisi\u00f3n Intersectorial de Zonas Francas, conformada por el Ministerio de Comercio, la\u00a0<strong>Dian, el DNP y el Ministerio de Hacienda<\/strong>.<\/p>\n<p>Del total de la inversi\u00f3n propuesta, $3.388,6 millones, es decir el 8%, se invertir\u00e1 en actividades de\u00a0<strong>Ciencia, tecnolog\u00eda e Innovaci\u00f3n,<\/strong>\u00a0en los pr\u00f3ximos 10 a\u00f1os.<\/p>\n<p>De acuerdo con la zona franca, esta pr\u00f3rroga \u201cno solo reafirma su exitoso desarrollo, sino que fortalece la confianza de los usuarios que han elegido a esta \u00e1rea geogr\u00e1fica y a este parque industrial para ubicar sus\u00a0<strong>operaciones de comercio<\/strong>\u201d.<\/p>\n<p>La Cayena tiene m\u00e1s de 13 a\u00f1os de haber sido declarada como zona franca. A nivel de impuestos locales la<strong>\u00a0Zona Franca La Cayena<\/strong>\u00a0ha generado hasta la fecha m\u00e1s de $25.000 millones por concepto de\u00a0<strong>ICA y prediales<\/strong>, y con la pr\u00f3rroga se prev\u00e9 que este valor ser\u00e1 f\u00e1cilmente duplicado.<\/p>\n<p>Actualmente genera 2.500<strong>\u00a0empleos directos<\/strong>\u00a0y se espera que crezcan en por lo menos en 1.500 m\u00e1s durante la pr\u00f3rroga.<\/p>\n<p>Manuel Herrera, gerente general de Zona Franca La Cayena, dijo que a la fecha existen\u00a0<strong>inversiones<\/strong>\u00a0por m\u00e1s de USD350 millones en el parque.<\/p>\n<p>\u201cEn La Cayena reunimos a m\u00e1s de 40 compa\u00f1\u00edas de diferentes sectores econ\u00f3micos, en un parque empresarial que se posiciona como un polo de desarrollo de la Costa Caribe Colombiana. No solo buscamos ser los aliados de estas empresas, sino tambi\u00e9n de fomentar entre sus miembros una responsabilidad social empresarial enfocada en la sostenibilidad con el\u00a0<strong>medio ambiente<\/strong>\u00a0y la comunidad.\u201d afirm\u00f3 Herrera.<\/p>\n<p>A trav\u00e9s de la resoluci\u00f3n No. 1007 del 24 de septiembre de 2021, emitida por el Ministerio de Comercio Industria y Turismo, autoriz\u00f3 la pr\u00f3rroga de la Zona Franca La Cayena por 30 a\u00f1os m\u00e1s, hasta el a\u00f1o 2052.<\/p>\n<p>Tomado de: EL HERALDO<\/p>\n","protected":false},"excerpt":{"rendered":"<p>La\u00a0Zona Franca La Cayena\u00a0y sus usuarios se comprometieron con un plan maestro de inversiones por $42.357 millones en el marco de la aprobaci\u00f3n de la pr\u00f3rroga por 30 a\u00f1os de su operaci\u00f3n. La pr\u00f3rroga fue aprobada por la Comisi\u00f3n Intersectorial de Zonas Francas, conformada por el Ministerio de Comercio, la\u00a0Dian, el DNP y el Ministerio<\/p>\n","protected":false},"author":1,"featured_media":8218,"comment_status":"closed","ping_status":"closed","sticky":false,"template":"","format":"standard","meta":{"footnotes":""},"categories":[181],"tags":[],"class_list":["post-8217","post","type-post","status-publish","format-standard","has-post-thumbnail","hentry","category-noticias"],"views":216,"_links":{"self":[{"href":"https:\/\/www.amchambaq.com\/es_co\/wp-json\/wp\/v2\/posts\/8217","targetHints":{"allow":["GET"]}}],"collection":[{"href":"https:\/\/www.amchambaq.com\/es_co\/wp-json\/wp\/v2\/posts"}],"about":[{"href":"https:\/\/www.amchambaq.com\/es_co\/wp-json\/wp\/v2\/types\/post"}],"author":[{"embeddable":true,"href":"https:\/\/www.amchambaq.com\/es_co\/wp-json\/wp\/v2\/users\/1"}],"replies":[{"embeddable":true,"href":"https:\/\/www.amchambaq.com\/es_co\/wp-json\/wp\/v2\/comments?post=8217"}],"version-history":[{"count":1,"href":"https:\/\/www.amchambaq.com\/es_co\/wp-json\/wp\/v2\/posts\/8217\/revisions"}],"predecessor-version":[{"id":8219,"href":"https:\/\/www.amchambaq.com\/es_co\/wp-json\/wp\/v2\/posts\/8217\/revisions\/8219"}],"wp:featuredmedia":[{"embeddable":true,"href":"https:\/\/www.amchambaq.com\/es_co\/wp-json\/wp\/v2\/media\/8218"}],"wp:attachment":[{"href":"https:\/\/www.amchambaq.com\/es_co\/wp-json\/wp\/v2\/media?parent=8217"}],"wp:term":[{"taxonomy":"category","embeddable":true,"href":"https:\/\/www.amchambaq.com\/es_co\/wp-json\/wp\/v2\/categories?post=8217"},{"taxonomy":"post_tag","embeddable":true,"href":"https:\/\/www.amchambaq.com\/es_co\/wp-json\/wp\/v2\/tags?post=8217"}],"curies":[{"name":"wp","href":"https:\/\/api.w.org\/{rel}","templated":true}]}}