{"id":7992,"date":"2021-10-11T08:49:04","date_gmt":"2021-10-11T13:49:04","guid":{"rendered":"https:\/\/www.amchambaq.com\/?p=7992"},"modified":"2021-10-11T08:49:04","modified_gmt":"2021-10-11T13:49:04","slug":"duque-regresara-a-ee-uu-para-reunirse-con-bancos-multilaterales-y-empresarios","status":"publish","type":"post","link":"https:\/\/www.amchambaq.com\/es_co\/duque-regresara-a-ee-uu-para-reunirse-con-bancos-multilaterales-y-empresarios\/","title":{"rendered":"Duque regresar\u00e1 a EE.UU. para reunirse con bancos multilaterales y empresarios"},"content":{"rendered":"<p>El presidente Iv\u00e1n Duque realizar\u00e1 una visita de trabajo a Washington y Nueva York, los d\u00edas 11 y 12 de octubre, durante la cual se reunir\u00e1 con directivos de alto nivel de organismos multilaterales, banca de inversi\u00f3n y empresarios de Estados Unidos, buscando m\u00e1s recursos para los programas sociales, el desarrollo y la reactivaci\u00f3n, as\u00ed como incrementar la inversi\u00f3n en el pa\u00eds, de modo que contribuya a la creaci\u00f3n de nuevos empleos.<\/p>\n<p>En cuanto a la agenda global de financiaci\u00f3n de la agenda de cambio clim\u00e1tico y transici\u00f3n energ\u00e9tica, frente en el que Colombia ha tomado el liderazgo en la regi\u00f3n, el mandatario busca desarrollar los lineamientos que traz\u00f3 en su discurso ante la reciente Asamblea General de las Naciones Unidas, en el marco de la fase preparatoria para la participaci\u00f3n del pa\u00eds en la Cumbre del Clima COP26, que se realizar\u00e1 en Glasgow.<\/p>\n<p>El jefe de Estado buscar\u00e1 ante los organismos multilaterales un compromiso frente a su propuesta orientada a poner en marcha herramientas efectivas de financiamiento y compensaci\u00f3n para los pa\u00edses que luchan contra los efectos del cambio clim\u00e1tico, entre ellas la condonaci\u00f3n o conmutaci\u00f3n de deudas a cambio de resultados claros en materia de acci\u00f3n clim\u00e1tica y protecci\u00f3n del medio ambiente.<\/p>\n<p>En su visita de dos d\u00edas, el primer mandatario se reunir\u00e1 con los directivos del m\u00e1s alto nivel del Banco Mundial (BM), el Fondo Monetario Internacional (FMI) y el Banco Interamericano de Desarrollo (BID), as\u00ed como con las cabezas de bancos de inversi\u00f3n como Goldman Sachs y JP Morgan Chase, entre otros, al igual que con empresarios de diferentes sectores econ\u00f3micos de ese pa\u00eds.<\/p>\n<p>Duque tambi\u00e9n sostendr\u00e1 encuentros con el secretario General de la Organizaci\u00f3n de Estados Americanos (OEA) y altos directivos de la C\u00e1mara de Comercio de Estados Unidos, de donantes como la Fundaci\u00f3n Howart Buffett y de Americas Society \/ Consejo de las Am\u00e9ricas, instituci\u00f3n que le otorgar\u00e1 la distinci\u00f3n Gold Insigne en reconocimiento a su compromiso con los migrantes venezolanos.<\/p>\n<p>En su visita de trabajo, el presidente Duque estar\u00e1 acompa\u00f1ado por una delegaci\u00f3n conformada por la Jefe de Gabinete de la Presidencia, Mar\u00eda Paula Correa; el embajador de Colombia en Estados Unidos, Juan Carlos Pinz\u00f3n; el ministro de Ambiente y Desarrollo Sostenible, Carlos Eduardo Correa; el director de Cr\u00e9dito P\u00fablico y Tesorero Nacional del Ministerio de Hacienda, C\u00e9sar Augusto Arias, y la presidente de ProColombia, Flavia Santoro, entre otros.<\/p>\n<p>Se trata de la segunda visita oficial del presidente Iv\u00e1n Duque a Estados Unidos en el \u00faltimo mes. Recientemente viaj\u00f3 a participar de la Asamblea General de las Naciones Unidas y a dialogar con las\u00a0<u>firmas calificadoras<\/u>\u00a0de riesgo, entre otros encuentros bilaterales con mandatarios de otros pa\u00edses.<\/p>\n<p><strong>Agenda Washington<\/strong><\/p>\n<p>En este contexto, el lunes 11 de octubre, en Washington, el jefe de Estado colombiano se reunir\u00e1 con el presidente del Banco Mundial, David Malpass, y sostendr\u00e1 un encuentro con directivos de alto nivel de la C\u00e1mara de Comercio de Estados Unidos.<\/p>\n<p>En este evento, el presidente Duque participar\u00e1 en un espacio de discusi\u00f3n y an\u00e1lisis, que ser\u00e1 moderado por el vicepresidente Ejecutivo y director de Asuntos Internacionales de la C\u00e1mara de Comercio estadounidense, Myron Brilliant. Tambi\u00e9n intervendr\u00e1 Mauricio Ramos, director Ejecutivo de Millicom y presidente del Consejo Empresarial Colombia-Estados Unidos.<\/p>\n<p>Posteriormente, el jefe de Estado se reunir\u00e1 con la directora del Fondo Monetario Internacional (FMI), Kristalina Georgieva; con el presidente del Banco Interamericano de Desarrollo (BID), Mauricio Claver-Carone, y con representantes de la Fundaci\u00f3n Howard Buffett, donante del sector privado que ha apoyado a Colombia en materia de desminado humanitario.<\/p>\n<p>Al d\u00eda siguiente, el martes 12 de octubre, el mandatario se encontrar\u00e1 con el secretario de la Organizaci\u00f3n de Estados Americanos (OEA), Luis Almagro, en la sede del organismo, tras lo cual se trasladar\u00e1 a la ciudad de Nueva York.<\/p>\n<p><strong>Agenda en Nueva York<\/strong><\/p>\n<p>En Nueva York, Duque se reunir\u00e1 con altos directivos de Goldman Sachs \u2013considerado uno de los bancos de inversi\u00f3n m\u00e1s importantes del mundo\u2013, acto en el que har\u00e1 una intervenci\u00f3n y participar\u00e1 en un foro abierto, que contar\u00e1 con la participaci\u00f3n del responsable de infraestructura latinoamericana de este grupo, Fernando Bravo, y del director Financiero, Stephen Scherr.<\/p>\n<p>Tras este evento, el mandatario se reunir\u00e1 con directivos del JP Morgan Chase, empresa l\u00edder en servicios financieros a corporaciones y pa\u00edses, de gran importancia para el financiamiento en tiempos de pospandemia.<\/p>\n<p>Posteriormente, el presidente Duque sostendr\u00e1 un encuentro con representantes y miembros de la Junta Directiva de Americas Society \/ Council of the Americas (AS\/COA), instituci\u00f3n que le otorgar\u00e1 la distinci\u00f3n \u2018Gold Insigne\u2019, en reconocimiento por su liderazgo transformador en Colombia y toda la regi\u00f3n, en especial por su decisi\u00f3n de otorgar Estatus Temporal de Protecci\u00f3n (TPS) a ciudadanos venezolanos, estrategia que ha tenido un profundo impacto en Venezuela.<\/p>\n<p>El presidente Duque intervendr\u00e1 en este acto especial, que contar\u00e1 con la participaci\u00f3n de Susan Segal, la presidenta y CEO de esta instituci\u00f3n, que promueve la comprensi\u00f3n y soluci\u00f3n de los problemas econ\u00f3micos, pol\u00edticos y sociales de Am\u00e9rica Latina, el Caribe y Canad\u00e1.<\/p>\n","protected":false},"excerpt":{"rendered":"<p>El presidente Iv\u00e1n Duque realizar\u00e1 una visita de trabajo a Washington y Nueva York, los d\u00edas 11 y 12 de octubre, durante la cual se reunir\u00e1 con directivos de alto nivel de organismos multilaterales, banca de inversi\u00f3n y empresarios de Estados Unidos, buscando m\u00e1s recursos para los programas sociales, el desarrollo y la reactivaci\u00f3n, as\u00ed<\/p>\n","protected":false},"author":1,"featured_media":7993,"comment_status":"closed","ping_status":"closed","sticky":false,"template":"","format":"standard","meta":{"footnotes":""},"categories":[181],"tags":[],"class_list":["post-7992","post","type-post","status-publish","format-standard","has-post-thumbnail","hentry","category-noticias"],"views":117,"_links":{"self":[{"href":"https:\/\/www.amchambaq.com\/es_co\/wp-json\/wp\/v2\/posts\/7992","targetHints":{"allow":["GET"]}}],"collection":[{"href":"https:\/\/www.amchambaq.com\/es_co\/wp-json\/wp\/v2\/posts"}],"about":[{"href":"https:\/\/www.amchambaq.com\/es_co\/wp-json\/wp\/v2\/types\/post"}],"author":[{"embeddable":true,"href":"https:\/\/www.amchambaq.com\/es_co\/wp-json\/wp\/v2\/users\/1"}],"replies":[{"embeddable":true,"href":"https:\/\/www.amchambaq.com\/es_co\/wp-json\/wp\/v2\/comments?post=7992"}],"version-history":[{"count":1,"href":"https:\/\/www.amchambaq.com\/es_co\/wp-json\/wp\/v2\/posts\/7992\/revisions"}],"predecessor-version":[{"id":7994,"href":"https:\/\/www.amchambaq.com\/es_co\/wp-json\/wp\/v2\/posts\/7992\/revisions\/7994"}],"wp:featuredmedia":[{"embeddable":true,"href":"https:\/\/www.amchambaq.com\/es_co\/wp-json\/wp\/v2\/media\/7993"}],"wp:attachment":[{"href":"https:\/\/www.amchambaq.com\/es_co\/wp-json\/wp\/v2\/media?parent=7992"}],"wp:term":[{"taxonomy":"category","embeddable":true,"href":"https:\/\/www.amchambaq.com\/es_co\/wp-json\/wp\/v2\/categories?post=7992"},{"taxonomy":"post_tag","embeddable":true,"href":"https:\/\/www.amchambaq.com\/es_co\/wp-json\/wp\/v2\/tags?post=7992"}],"curies":[{"name":"wp","href":"https:\/\/api.w.org\/{rel}","templated":true}]}}