{"id":7983,"date":"2021-10-07T08:59:36","date_gmt":"2021-10-07T13:59:36","guid":{"rendered":"https:\/\/www.amchambaq.com\/?p=7983"},"modified":"2021-10-07T09:01:41","modified_gmt":"2021-10-07T14:01:41","slug":"barranquilla-se-consolida-como-destino-de-inversiones","status":"publish","type":"post","link":"https:\/\/www.amchambaq.com\/es_co\/barranquilla-se-consolida-como-destino-de-inversiones\/","title":{"rendered":"Barranquilla se consolida como destino de inversiones"},"content":{"rendered":"<p>\u201cEn la ciudad tenemos empresarios que ya est\u00e1n localizados y pensando en expandirse, otros que est\u00e1n pensando en<strong>\u00a0Barranquilla<\/strong>\u00a0como un punto de relocalizaci\u00f3n y otros que est\u00e1n en fase exploratoria\u201d, destac\u00f3 el secretario de Desarrollo Econ\u00f3mico del Distrito,\u00a0<strong>Ricardo Plata.<\/strong><\/p>\n<p>En ese sentido, los empresarios<strong>\u00a0David Gasull, de StepUs Scaffold,\u00a0<\/strong>y\u00a0<strong>Philip Boulton, de Kannoa\u00a0<\/strong>hablaron sobre sus experiencias con Barranquilla, ciudad que consideran ofrece los espacios propicios para la operaci\u00f3n de sus compa\u00f1\u00edas.<\/p>\n<p>\u201cSi tuviera que elegir dos atributos me ir\u00eda por la geograf\u00eda (&#8230;) el segundo son las personas. La productividad aqu\u00ed es tan buena o mejor que en\u00a0<strong>China<\/strong>. La cualificaci\u00f3n del personal, lo mismo y la implicaci\u00f3n con la empresa, lo que conocemos como ponerse la camiseta, es mucho mejor\u201d, se\u00f1alo David Gasull.<\/p>\n<p>Por su parte, Boulton reconoci\u00f3 que la ubicaci\u00f3n de Barranquilla es estrat\u00e9gica y su din\u00e1mica de industrializaci\u00f3n.<\/p>\n<p>Estos empresarios fueron invitados al panel \u2018Barranquilla y el Atl\u00e1ntico, destino ideal para el nearshoring\u2019 en el marco de Barranquilla<strong>\u00a0\u2018PB Te Conecta\u2019<\/strong>, un evento que tiene como prop\u00f3sito conectar y generar sinergias entre el tejido empresarial y los nuevos proyectos de inversi\u00f3n que llegan a la ciudad.<\/p>\n<p><strong>Avances en Barranquilla<\/strong><\/p>\n<p>Ricardo Plata estuvo a cargo del espacio \u2018Ven, vive e invierte en Barranquilla\u2019\u00a0 en el que hizo un recorrido por las situaciones que afectaban a la ciudad hace 14 a\u00f1os y que en la actualidad, gracias a la continuidad de pol\u00edticas p\u00fablicas, se han podido ir subsanando convirtiendo a la ciudad en un territorio atractivo para la inversi\u00f3n.<\/p>\n<p>Tambi\u00e9n resalt\u00f3 como en los \u00faltimos a\u00f1os el Distrito hizo una recuperaci\u00f3n de las finanzas pasando de recibir ingresos de $600 mil millones a casi $4.2 billones. \u201cDesde 2007, los ingresos totales se han multiplicado en 5,2\u201d,\u00a0 agreg\u00f3. Adem\u00e1s destac\u00f3 que el porcentaje de deuda sobre el total de ingresos ha disminuido en un 158,7%.<\/p>\n<p><strong>Apuesta por la reactivaci\u00f3n<\/strong><\/p>\n<p><strong>Miguel Vergara,<\/strong>\u00a0secretario de Desarrollo Econ\u00f3mico de la Gobernaci\u00f3n, dict\u00f3 la charla\u00a0<strong>\u2018Reactivaci\u00f3n desde el turismo\u2019.<\/strong><\/p>\n<p>El funcionario habl\u00f3 sobre los proyectos en los municipios del Atl\u00e1ntico. Entre ellos el\u00a0<strong>Centro Gastron\u00f3mico Internacional<\/strong>\u00a0que ya se encuentra en licitaci\u00f3n y buscar\u00e1 generar 248 empleos directos.<br \/>\n\u201cEsperemos que est\u00e9 adjudicado en noviembre y entre en funcionamiento a principios de 2023\u201d.<\/p>\n<p>A trav\u00e9s de un video,\u00a0<strong>Manuel Fern\u00e1ndez,\u00a0<\/strong>presidente de la C\u00e1mara de Comercio de Barranquilla, explic\u00f3 en qu\u00e9 consiste el programa Atl\u00e1ntico Acelera.<\/p>\n<p>\u201cHicimos una alianza con la\u00a0<strong>gobernadora del Atl\u00e1ntico<\/strong>. Ella entrega $10 mil millones para un Fondo de Conversi\u00f3n que debe jalonar $10 mil millones de aportes privados. Estos recursos deben canalizarse hacia empresas del departamento que tengan alto potencial innovador\u201d.<\/p>\n<p>Explic\u00f3 que las iniciativas deben ir acompa\u00f1adas de empresas grandes con experiencia que ayuden a crecer a trav\u00e9s de formaci\u00f3n.<\/p>\n<p>Tomado de: EL HERALDO<\/p>\n","protected":false},"excerpt":{"rendered":"<p>\u201cEn la ciudad tenemos empresarios que ya est\u00e1n localizados y pensando en expandirse, otros que est\u00e1n pensando en\u00a0Barranquilla\u00a0como un punto de relocalizaci\u00f3n y otros que est\u00e1n en fase exploratoria\u201d, destac\u00f3 el secretario de Desarrollo Econ\u00f3mico del Distrito,\u00a0Ricardo Plata. En ese sentido, los empresarios\u00a0David Gasull, de StepUs Scaffold,\u00a0y\u00a0Philip Boulton, de Kannoa\u00a0hablaron sobre sus experiencias con Barranquilla,<\/p>\n","protected":false},"author":1,"featured_media":7984,"comment_status":"closed","ping_status":"closed","sticky":false,"template":"","format":"standard","meta":{"footnotes":""},"categories":[181],"tags":[],"class_list":["post-7983","post","type-post","status-publish","format-standard","has-post-thumbnail","hentry","category-noticias"],"views":167,"_links":{"self":[{"href":"https:\/\/www.amchambaq.com\/es_co\/wp-json\/wp\/v2\/posts\/7983","targetHints":{"allow":["GET"]}}],"collection":[{"href":"https:\/\/www.amchambaq.com\/es_co\/wp-json\/wp\/v2\/posts"}],"about":[{"href":"https:\/\/www.amchambaq.com\/es_co\/wp-json\/wp\/v2\/types\/post"}],"author":[{"embeddable":true,"href":"https:\/\/www.amchambaq.com\/es_co\/wp-json\/wp\/v2\/users\/1"}],"replies":[{"embeddable":true,"href":"https:\/\/www.amchambaq.com\/es_co\/wp-json\/wp\/v2\/comments?post=7983"}],"version-history":[{"count":2,"href":"https:\/\/www.amchambaq.com\/es_co\/wp-json\/wp\/v2\/posts\/7983\/revisions"}],"predecessor-version":[{"id":7986,"href":"https:\/\/www.amchambaq.com\/es_co\/wp-json\/wp\/v2\/posts\/7983\/revisions\/7986"}],"wp:featuredmedia":[{"embeddable":true,"href":"https:\/\/www.amchambaq.com\/es_co\/wp-json\/wp\/v2\/media\/7984"}],"wp:attachment":[{"href":"https:\/\/www.amchambaq.com\/es_co\/wp-json\/wp\/v2\/media?parent=7983"}],"wp:term":[{"taxonomy":"category","embeddable":true,"href":"https:\/\/www.amchambaq.com\/es_co\/wp-json\/wp\/v2\/categories?post=7983"},{"taxonomy":"post_tag","embeddable":true,"href":"https:\/\/www.amchambaq.com\/es_co\/wp-json\/wp\/v2\/tags?post=7983"}],"curies":[{"name":"wp","href":"https:\/\/api.w.org\/{rel}","templated":true}]}}