{"id":7959,"date":"2021-10-05T11:23:14","date_gmt":"2021-10-05T16:23:14","guid":{"rendered":"https:\/\/www.amchambaq.com\/?p=7959"},"modified":"2021-10-05T11:23:14","modified_gmt":"2021-10-05T16:23:14","slug":"presentan-aliadas-la-nueva-asociacion-del-sector-privado-nacional","status":"publish","type":"post","link":"https:\/\/www.amchambaq.com\/es_co\/presentan-aliadas-la-nueva-asociacion-del-sector-privado-nacional\/","title":{"rendered":"Presentan Aliadas, la nueva asociaci\u00f3n del sector privado nacional"},"content":{"rendered":"<p>Este martes fue presentada Aliadas, una alianza entre 16 asociaciones y agremiaciones de distintos sectores econ\u00f3micos con el fin de impulsar \u201cla interlocuci\u00f3n con el Estado\u201d.<\/p>\n<p>Entre los sectores que comprenden esta alianza se encuentran la manufactura, agroindustria, gastronom\u00eda, salud, farmac\u00e9utico, tecnolog\u00eda, log\u00edstica, movilidad, sostenible, cajas de compensaci\u00f3n, medios de comunicaci\u00f3n, servicios, entre otros.<\/p>\n<p>Mar\u00eda Claudia Lacouture, actual directora ejecutiva de la C\u00e1mara de Comercio Colombo Americana, AmCham Colombia, ser\u00e1 la encargada de presidir este primer a\u00f1o la alianza.<\/p>\n<p>De acuerdo con Lacouture, esta asociaci\u00f3n nace para \u201cconstruir, sumar y contribuir al dialogo institucional\u201d.<\/p>\n<p>\u201cEste grupo de gremios y asociaciones presenta m\u00e1s que un proyecto (\u2026) una voluntad que no solo es nuestra, es la de la mayor\u00eda de los empresarios de ese sector privado que ya ven\u00eda replanteando su \u00a0papel con el estado y con la sociedad\u201d.<\/p>\n<p>La presidenta de Aliadas plante\u00f3 trabajar lo m\u00e1s pronto posible con cada uno de los diferentes actores para la consolidaci\u00f3n de un modelo sostenible y globalizado, al margen de cualquier tipo de ideolog\u00eda.<\/p>\n<p>\u201cEl momento actual de Colombia lo necesita y lo reclama\u201d.<\/p>\n<p>Las agremiaciones que componen Aliadas son Acemi, Acodres, Afidro, Alianza In, AmCham Colombia, Anda, Andemos, Asobares, Asocajas, Asomedios, Asotic, BPro, C\u00e1mara Colombiana de Comercio Electr\u00f3nico, C\u00e1mara Colombiana de Inform\u00e1tica y Telecomunicaciones (Ccit), Fitac y Uni\u00f3n Colombiana de Empresas Publicitarias.<\/p>\n<p>\u201cCreemos y estamos seguros de que podemos aportar y sumar a lo que existe hoy en d\u00eda en el pa\u00eds (\u2026) hay nuevas necesidades que tiene el pa\u00eds y nosotros complementamos cada una de ellas\u201d, expres\u00f3 Lacouture en la rueda de prensa.<\/p>\n<p>Esta nueva alianza ya se reuni\u00f3 con el presidente Iv\u00e1n Duque con propuestas de reactivaci\u00f3n.<\/p>\n<p>Tomado de: EL HERALDO<\/p>\n","protected":false},"excerpt":{"rendered":"<p>Este martes fue presentada Aliadas, una alianza entre 16 asociaciones y agremiaciones de distintos sectores econ\u00f3micos con el fin de impulsar \u201cla interlocuci\u00f3n con el Estado\u201d. Entre los sectores que comprenden esta alianza se encuentran la manufactura, agroindustria, gastronom\u00eda, salud, farmac\u00e9utico, tecnolog\u00eda, log\u00edstica, movilidad, sostenible, cajas de compensaci\u00f3n, medios de comunicaci\u00f3n, servicios, entre otros. Mar\u00eda<\/p>\n","protected":false},"author":1,"featured_media":7960,"comment_status":"closed","ping_status":"closed","sticky":false,"template":"","format":"standard","meta":{"footnotes":""},"categories":[181],"tags":[],"class_list":["post-7959","post","type-post","status-publish","format-standard","has-post-thumbnail","hentry","category-noticias"],"views":141,"_links":{"self":[{"href":"https:\/\/www.amchambaq.com\/es_co\/wp-json\/wp\/v2\/posts\/7959","targetHints":{"allow":["GET"]}}],"collection":[{"href":"https:\/\/www.amchambaq.com\/es_co\/wp-json\/wp\/v2\/posts"}],"about":[{"href":"https:\/\/www.amchambaq.com\/es_co\/wp-json\/wp\/v2\/types\/post"}],"author":[{"embeddable":true,"href":"https:\/\/www.amchambaq.com\/es_co\/wp-json\/wp\/v2\/users\/1"}],"replies":[{"embeddable":true,"href":"https:\/\/www.amchambaq.com\/es_co\/wp-json\/wp\/v2\/comments?post=7959"}],"version-history":[{"count":1,"href":"https:\/\/www.amchambaq.com\/es_co\/wp-json\/wp\/v2\/posts\/7959\/revisions"}],"predecessor-version":[{"id":7961,"href":"https:\/\/www.amchambaq.com\/es_co\/wp-json\/wp\/v2\/posts\/7959\/revisions\/7961"}],"wp:featuredmedia":[{"embeddable":true,"href":"https:\/\/www.amchambaq.com\/es_co\/wp-json\/wp\/v2\/media\/7960"}],"wp:attachment":[{"href":"https:\/\/www.amchambaq.com\/es_co\/wp-json\/wp\/v2\/media?parent=7959"}],"wp:term":[{"taxonomy":"category","embeddable":true,"href":"https:\/\/www.amchambaq.com\/es_co\/wp-json\/wp\/v2\/categories?post=7959"},{"taxonomy":"post_tag","embeddable":true,"href":"https:\/\/www.amchambaq.com\/es_co\/wp-json\/wp\/v2\/tags?post=7959"}],"curies":[{"name":"wp","href":"https:\/\/api.w.org\/{rel}","templated":true}]}}