{"id":7948,"date":"2021-10-01T16:37:31","date_gmt":"2021-10-01T21:37:31","guid":{"rendered":"https:\/\/www.amchambaq.com\/?p=7948"},"modified":"2021-10-01T16:37:31","modified_gmt":"2021-10-01T21:37:31","slug":"barranquilla-centro-energetico-para-el-hidrogeno-presidente-duque","status":"publish","type":"post","link":"https:\/\/www.amchambaq.com\/es_co\/barranquilla-centro-energetico-para-el-hidrogeno-presidente-duque\/","title":{"rendered":"Barranquilla, centro energ\u00e9tico para el hidr\u00f3geno: presidente Duque"},"content":{"rendered":"<p>El presidente de la Rep\u00fablica Iv\u00e1n Duque calific\u00f3 como \u201chist\u00f3rica\u201d la presentaci\u00f3n de la<strong>\u00a0hoja de ruta del hidr\u00f3geno<\/strong>\u00a0en Colombia y resalt\u00f3 que en el pa\u00eds se est\u00e1\u00a0haciendo \u201cuna gran apuesta para la transici\u00f3n energ\u00e9tica\u201d.<\/p>\n<p>La hoja de ruta marcar\u00e1 el camino en las pr\u00f3ximas tres d\u00e9cadas para la generaci\u00f3n y uso de energ\u00edas m\u00e1s limpias y se hizo oficial desde este jueves en un acto realizado en el Pabell\u00f3n de Cristal del\u00a0<strong>Gran Malec\u00f3n del R\u00edo en Barranquilla<\/strong>.<\/p>\n<p>Esta iniciativa sigue la l\u00ednea de otros 30 pa\u00edses del mundo que ya han desarrollado sus hojas de ruta con este<strong>\u00a0energ\u00e9tico.<\/strong><\/p>\n<p>En el caso de Colombia, se cont\u00f3 con la asesor\u00eda y apoyo de la firma de\u00a0<strong>consultor\u00eda I-Deals\u00a0<\/strong>y la financiaci\u00f3n del\u00a0<strong>Banco Interamericano de Desarrollo (BID).<\/strong><\/p>\n<p>\u201cEl mundo hoy est\u00e1 viviendo una crisis clim\u00e1tica (&#8230;) generada por un modelo de desarrollo de muchos siglos donde se cre\u00eda solamente en el paradigma de a menor precio mayor productividad, pero no se acompa\u00f1\u00f3 de la\u00a0<strong>sostenibilidad ambiental<\/strong>, las consecuencias de esto son la generaci\u00f3n de 52 mil millones de toneladas de gases de efecto invernadero que se emiten todos los a\u00f1os\u201d, se\u00f1al\u00f3 el mandatario nacional.<\/p>\n<p>Haber elegido a Barranquilla como ciudad para presentar la hoja de ruta del hidr\u00f3geno se debi\u00f3, seg\u00fan el presidente, a su\u00a0<strong>posici\u00f3n estrat\u00e9gica.<\/strong><\/p>\n<p>\u201cEsta ciudad ya ha declarado que tiene compromiso con los servicios para la\u00a0<strong>exploraci\u00f3n y producci\u00f3n de gas offshore\u00a0<\/strong>(&#8230;) sumando todo esto, tenemos una ciudad que le dice al mundo aqu\u00ed vamos a tener un hub energ\u00e9tico y un hub que le apuesta al hidr\u00f3geno azul y verde\u201d, indic\u00f3 el presidente.<\/p>\n<p>Previo a la intervenci\u00f3n de Duque, el\u00a0<strong>alcalde de Barranquilla<\/strong>, Jaime Pumarejo, propuso a la ciudad como una aliada para esta hoja de ruta.<\/p>\n<p>\u201cColombia ha hecho una ruta que muy pocos pa\u00edses pueden decir que han hecho\u201d, indic\u00f3 el mandatario local. Agreg\u00f3 que \u201choy el Gobierno est\u00e1 entendiendo algo que nos dec\u00edan nuestros socios en el\u00a0<strong>World Energy Cities Partnership\u00a0<\/strong>de que Colombia ten\u00eda el reto de mostrarle al mundo que un pa\u00eds en desarrollo puede hacer una transici\u00f3n energ\u00e9tica\u201d.<\/p>\n<p>El alcalde de Barranquilla afirm\u00f3 que si se puede tener un marco regulatorio claro y unos<strong>\u00a0inversores de primera calidad<\/strong>, se podr\u00e1 tener \u201cun sector energ\u00e9tico en transici\u00f3n\u201d bien hecho.<\/p>\n<p>\u201cDesde lo local estamos tratando de integrarnos con el\u00a0<strong>Plan de Desarrollo<\/strong>\u00a0y la Pol\u00edtica Energ\u00e9tica y trabajar en conjunto\u201d, se\u00f1al\u00f3.<\/p>\n<p>Pumarejo record\u00f3 que hace a\u00f1o y medio se tom\u00f3 la decisi\u00f3n de invertir a trav\u00e9s de la empresa de alumbrado p\u00fablico para hacer \u201cnuestra propia compa\u00f1\u00eda de energ\u00eda renovable usando la luz solar y ojal\u00e1 muy pronto la\u00a0<strong>e\u00f3lica<\/strong>\u00a0y firmando con el ministerio y aliados internacionales esta participaci\u00f3n en la ruta del hidr\u00f3geno\u201d. Con esto se puso en manifiesto la intenci\u00f3n de que la ciudad sea socia en el proyecto.<\/p>\n<p><strong>Empresas interesadas<\/strong><\/p>\n<p>Un grupo de ocho grandes\u00a0<strong>empresas colombianas<\/strong>\u00a0e internacionales entregaron al Gobierno una carta en la que expresan su inter\u00e9s de avanzar en la implementaci\u00f3n de la hoja de ruta del hidr\u00f3geno.<\/p>\n<p>Entre las empresas que firmaron la carta est\u00e1n Ecopetrol,<strong>\u00a0Grupo Energ\u00eda Bogot\u00e1,<\/strong>\u00a0Transportadora de Gas Internacional-TGI, Promigas, ENGIE, Siemens Energy, Porsche Colombia, Daimler Colombia.<\/p>\n<p>Estas se sumaron el\u00a0<strong>Consejo Mundial de Energ\u00eda<\/strong>\u00a0(WEC) Colombia, y la Asociaci\u00f3n Colombiana de Hidr\u00f3geno y varias embajadas.<\/p>\n<p>El presidente de\u00a0<strong>Ecopetrol<\/strong>, Felipe Bay\u00f3n, reconoci\u00f3 que \u201cen materia de diversificaci\u00f3n de la canasta energ\u00e9tica, la producci\u00f3n y aprovechamiento del hidr\u00f3geno es fundamental\u201d.<\/p>\n<p>Indic\u00f3 que la compa\u00f1\u00eda est\u00e1 desarrollando un piloto de 50 kilovatios para la\u00a0<strong>producci\u00f3n de hidr\u00f3geno<\/strong>\u00a0por electr\u00f3lisis que estar\u00e1 operativo en el primer semestre del 2022.<\/p>\n<p>La sostenibilidad. El ministro de Ambiente y Desarrollo Sostenible, Carlos Correa, a su vez resalt\u00f3 la importancia de trazar hojas de ruta con acciones que ya se pueden ver.<\/p>\n<p>\u201cEl 14 % de la matriz del pr\u00f3ximo a\u00f1o ser\u00e1 de energ\u00eda renovable no convencionales y ah\u00ed hace parte esta ruta de hidr\u00f3geno verde y azul que estamos lanzando\u201d, sentenci\u00f3.<\/p>\n<p>Correa se\u00f1al\u00f3 que en Colombia hay potencial para el hidr\u00f3geno verde en abundancia y se debe aprovechar para cumplir con la meta de reducir las emisiones de gases de efecto invernadero del pa\u00eds.<\/p>\n<p>Frente a ello, la ministra de Transporte, \u00c1ngela Mar\u00eda Orozco, dijo que en Colombia ya existe una infraestructura para impulsar el crecimiento de este energ\u00e9tico y reconoci\u00f3 la experiencia que tiene el pa\u00eds en la producci\u00f3n y refinaci\u00f3n de combustibles tradicionales.<\/p>\n<p>\u201cEl aprovechamiento de esta experiencia y esa infraestructura son fundamentales (&#8230;) en esa medida si uno mira los puertos, muchos de hecho tienen instalaciones para almacenar, exportar e<strong>\u00a0importar gases<\/strong>. Eso es una oportunidad porque hay que mirar como adaptar esa infraestructura para el hidr\u00f3geno\u201d, dijo la ministra.<\/p>\n<p>Destac\u00f3 que esta oportunidad tambi\u00e9n se puede extender a los sistemas de\u00a0<strong>transporte p\u00fablico.<\/strong><\/p>\n<p>Luz Stella Murgas,\u00a0<strong>presidente de Naturgas,\u00a0<\/strong>asegur\u00f3 que el uso del gas natural, el hidr\u00f3geno y el biometano son las tecnolog\u00edas que ayudar\u00e1n a disminuir en un 30 % las emisiones de gases de efecto invernadero del sector energ\u00e9tico mundial.<\/p>\n<p>Tomado de: EL HERALDO<\/p>\n","protected":false},"excerpt":{"rendered":"<p>El presidente de la Rep\u00fablica Iv\u00e1n Duque calific\u00f3 como \u201chist\u00f3rica\u201d la presentaci\u00f3n de la\u00a0hoja de ruta del hidr\u00f3geno\u00a0en Colombia y resalt\u00f3 que en el pa\u00eds se est\u00e1\u00a0haciendo \u201cuna gran apuesta para la transici\u00f3n energ\u00e9tica\u201d. La hoja de ruta marcar\u00e1 el camino en las pr\u00f3ximas tres d\u00e9cadas para la generaci\u00f3n y uso de energ\u00edas m\u00e1s limpias<\/p>\n","protected":false},"author":1,"featured_media":7949,"comment_status":"closed","ping_status":"closed","sticky":false,"template":"","format":"standard","meta":{"footnotes":""},"categories":[181],"tags":[],"class_list":["post-7948","post","type-post","status-publish","format-standard","has-post-thumbnail","hentry","category-noticias"],"views":133,"_links":{"self":[{"href":"https:\/\/www.amchambaq.com\/es_co\/wp-json\/wp\/v2\/posts\/7948","targetHints":{"allow":["GET"]}}],"collection":[{"href":"https:\/\/www.amchambaq.com\/es_co\/wp-json\/wp\/v2\/posts"}],"about":[{"href":"https:\/\/www.amchambaq.com\/es_co\/wp-json\/wp\/v2\/types\/post"}],"author":[{"embeddable":true,"href":"https:\/\/www.amchambaq.com\/es_co\/wp-json\/wp\/v2\/users\/1"}],"replies":[{"embeddable":true,"href":"https:\/\/www.amchambaq.com\/es_co\/wp-json\/wp\/v2\/comments?post=7948"}],"version-history":[{"count":1,"href":"https:\/\/www.amchambaq.com\/es_co\/wp-json\/wp\/v2\/posts\/7948\/revisions"}],"predecessor-version":[{"id":7950,"href":"https:\/\/www.amchambaq.com\/es_co\/wp-json\/wp\/v2\/posts\/7948\/revisions\/7950"}],"wp:featuredmedia":[{"embeddable":true,"href":"https:\/\/www.amchambaq.com\/es_co\/wp-json\/wp\/v2\/media\/7949"}],"wp:attachment":[{"href":"https:\/\/www.amchambaq.com\/es_co\/wp-json\/wp\/v2\/media?parent=7948"}],"wp:term":[{"taxonomy":"category","embeddable":true,"href":"https:\/\/www.amchambaq.com\/es_co\/wp-json\/wp\/v2\/categories?post=7948"},{"taxonomy":"post_tag","embeddable":true,"href":"https:\/\/www.amchambaq.com\/es_co\/wp-json\/wp\/v2\/tags?post=7948"}],"curies":[{"name":"wp","href":"https:\/\/api.w.org\/{rel}","templated":true}]}}