{"id":7929,"date":"2021-09-30T12:36:25","date_gmt":"2021-09-30T17:36:25","guid":{"rendered":"https:\/\/www.amchambaq.com\/?p=7929"},"modified":"2021-09-30T12:36:25","modified_gmt":"2021-09-30T17:36:25","slug":"en-el-ultimo-ano-se-han-recuperado-19-millones-de-puestos-de-trabajo","status":"publish","type":"post","link":"https:\/\/www.amchambaq.com\/es_co\/en-el-ultimo-ano-se-han-recuperado-19-millones-de-puestos-de-trabajo\/","title":{"rendered":"En el \u00faltimo a\u00f1o se han recuperado 1,9 millones de puestos de trabajo"},"content":{"rendered":"<p class=\"article-title node-title\">La tasa de desempleo en\u00a0<strong>Colombia<\/strong>\u00a0en agosto se situ\u00f3 en 12,3%, mientras que en el mismo mes del a\u00f1o pasado estaba en 16,8%.<\/p>\n<p>De acuerdo con la informaci\u00f3n entregada por el\u00a0<strong>Departamento Administrativo Nacional de Estad\u00edstica<\/strong>\u00a0(DANE) en agosto de este a\u00f1o hab\u00eda 21,6 millones de personas ocupadas, es decir 1,9 millones m\u00e1s que en el mismo mes del a\u00f1o pasado cuando hab\u00eda 19,6 millones.<\/p>\n<p>\u201cEsto significa que con una recuperaci\u00f3n de 1,9 millones de puestos de trabajo frente a agosto de 2020 cuando 2,4 millones hab\u00edan salido de la ocupaci\u00f3n vemos que el pa\u00eds ha tenido una recuperaci\u00f3n del 82,5%\u201d, dijo el director del DANE,\u00a0<strong>Juan Daniel Oviedo<\/strong>.<\/p>\n<p>Adem\u00e1s, los desempleados se redujeron en 914 mil personas al pasar de 3,9 millones en agosto de 2020 a 3 millones en este a\u00f1o.<\/p>\n<p>De los 3,05 millones de\u00a0<strong>personas desocupadas<\/strong>\u00a0que hab\u00eda en agosto de 2021, 20,3 % estaban en desempleo de larga duraci\u00f3n, es decir, llevaban entre 2 y menos de 5 a\u00f1os o entre 1 y menos de 2 a\u00f1os buscando empleo.<\/p>\n<p>Tomado de: EL HERALDO<\/p>\n","protected":false},"excerpt":{"rendered":"<p>La tasa de desempleo en\u00a0Colombia\u00a0en agosto se situ\u00f3 en 12,3%, mientras que en el mismo mes del a\u00f1o pasado estaba en 16,8%. De acuerdo con la informaci\u00f3n entregada por el\u00a0Departamento Administrativo Nacional de Estad\u00edstica\u00a0(DANE) en agosto de este a\u00f1o hab\u00eda 21,6 millones de personas ocupadas, es decir 1,9 millones m\u00e1s que en el mismo mes<\/p>\n","protected":false},"author":1,"featured_media":7930,"comment_status":"closed","ping_status":"closed","sticky":false,"template":"","format":"standard","meta":{"footnotes":""},"categories":[181],"tags":[],"class_list":["post-7929","post","type-post","status-publish","format-standard","has-post-thumbnail","hentry","category-noticias"],"views":124,"_links":{"self":[{"href":"https:\/\/www.amchambaq.com\/es_co\/wp-json\/wp\/v2\/posts\/7929","targetHints":{"allow":["GET"]}}],"collection":[{"href":"https:\/\/www.amchambaq.com\/es_co\/wp-json\/wp\/v2\/posts"}],"about":[{"href":"https:\/\/www.amchambaq.com\/es_co\/wp-json\/wp\/v2\/types\/post"}],"author":[{"embeddable":true,"href":"https:\/\/www.amchambaq.com\/es_co\/wp-json\/wp\/v2\/users\/1"}],"replies":[{"embeddable":true,"href":"https:\/\/www.amchambaq.com\/es_co\/wp-json\/wp\/v2\/comments?post=7929"}],"version-history":[{"count":1,"href":"https:\/\/www.amchambaq.com\/es_co\/wp-json\/wp\/v2\/posts\/7929\/revisions"}],"predecessor-version":[{"id":7931,"href":"https:\/\/www.amchambaq.com\/es_co\/wp-json\/wp\/v2\/posts\/7929\/revisions\/7931"}],"wp:featuredmedia":[{"embeddable":true,"href":"https:\/\/www.amchambaq.com\/es_co\/wp-json\/wp\/v2\/media\/7930"}],"wp:attachment":[{"href":"https:\/\/www.amchambaq.com\/es_co\/wp-json\/wp\/v2\/media?parent=7929"}],"wp:term":[{"taxonomy":"category","embeddable":true,"href":"https:\/\/www.amchambaq.com\/es_co\/wp-json\/wp\/v2\/categories?post=7929"},{"taxonomy":"post_tag","embeddable":true,"href":"https:\/\/www.amchambaq.com\/es_co\/wp-json\/wp\/v2\/tags?post=7929"}],"curies":[{"name":"wp","href":"https:\/\/api.w.org\/{rel}","templated":true}]}}