{"id":7921,"date":"2021-09-29T14:05:14","date_gmt":"2021-09-29T19:05:14","guid":{"rendered":"https:\/\/www.amchambaq.com\/?p=7921"},"modified":"2021-09-29T14:05:14","modified_gmt":"2021-09-29T19:05:14","slug":"gobierno-girara-23-195-millones-a-empresas-por-el-subsidio-de-empleo-a-jovenes","status":"publish","type":"post","link":"https:\/\/www.amchambaq.com\/es_co\/gobierno-girara-23-195-millones-a-empresas-por-el-subsidio-de-empleo-a-jovenes\/","title":{"rendered":"Gobierno girar\u00e1 $23.195 millones a empresas por el subsidio de empleo a j\u00f3venes"},"content":{"rendered":"<p>El presidente Iv\u00e1n\u00a0<u>Duque\u00a0<\/u>revel\u00f3 este martes que m\u00e1s de 70.000 mil j\u00f3venes en todo el pa\u00eds se han beneficiado del subsidio de 25% que el Gobierno entrega a las empresas que contraten personas entre los 18 y los 28 a\u00f1os.<\/p>\n<p>\u201cYa, a hoy, tenemos m\u00e1s de 70 mil j\u00f3venes en todo el pa\u00eds que est\u00e1n recibiendo ese importante beneficio. Vamos por mucho m\u00e1s y queremos prontamente recuperar los niveles de empleo pre pand\u00e9micos y seguir reduciendo el desempleo en el pa\u00eds\u201d, expres\u00f3 el primer mandatario en el acto de celebraci\u00f3n de los 60 a\u00f1os de la industria S\u00faper Ricas.<\/p>\n<p>Por su parte, el ministro de Trabajo, \u00c1ngel Custodio Cabrera, precis\u00f3 que gracias al subsidio de 25%, el Gobierno ha generado 77.574 nuevos\u00a0<u>empleos<\/u>\u00a0para los j\u00f3venes, con una inversi\u00f3n social de $23.195 millones, los cuales ser\u00e1n girados a las empresas ma\u00f1ana mi\u00e9rcoles.<\/p>\n<p>Las tres principales regiones donde se han generado los puestos de trabajo con Bogot\u00e1, Antioquia y Valle del Cauca, y se espera que, para diciembre, la cifra est\u00e9 por encima de los 100.000 beneficiados.<\/p>\n<p>El ministro tambi\u00e9n inform\u00f3 que se inici\u00f3 la campa\u00f1a para contratar a personas mayores de 28 a\u00f1os, con un subsidio de 10% para hombres y 15% para mujeres. De la misma forma, indic\u00f3 que se reglamentar\u00e1 el auxilio para las empresas que perdieron en los meses de abril y mayo con 20%, para subsidiar las n\u00f3minas.<\/p>\n<p>Lo anterior es concurrente con el Programa de Apoyo al Empleo Formal, lo que quiere decir que las compa\u00f1\u00edas pueden contar con los dos beneficios: el del mantenimiento de la n\u00f3mina y el de la contrataci\u00f3n de personas j\u00f3venes.<\/p>\n<div class=\"news economiaSect\">\n<div class=\"html-content\">\n<p>El presidente Duque agreg\u00f3 que el\u00a0<u>desempleo<\/u>\u00a0se reduce cuando hay plena libertad para crear empresas y con un Gobierno como el actual que crea y defienda el valor social de las firmas consagrado en el art\u00edculo 333 de la Constituci\u00f3n de 1991.<\/p>\n<p>\u201cDefender la empresa significa que la cuidemos para prosperar, que busquemos fraternidad entre empleados y empleadores. Tenemos que defender esa visi\u00f3n. A Colombia no le conviene esas ideas trasnochadas de algunos que dicen: esta empresa s\u00ed, y esta empresa no; que dice c\u00f3mo se deben repartir las utilidades. Eso ha llevado a fracasos y a desgracias. Necesitamos que la fraternidad entre empleadores y empleados se mantenga\u201d, agreg\u00f3 el jefe de Estado.<\/p>\n<p>Con la entrega del subsidio de 25% a las empresas, equivalente a la seguridad social, el Gobierno busca generar m\u00e1s de 600.000 empleos entre los j\u00f3venes del pa\u00eds, el que m\u00e1s se ha visto perjudicado por el impacto de la pandemia, y seguir reduciendo los niveles de desempleo en el pa\u00eds.<\/p>\n<\/div>\n<\/div>\n<div class=\"mt-5\"><\/div>\n","protected":false},"excerpt":{"rendered":"<p>El presidente Iv\u00e1n\u00a0Duque\u00a0revel\u00f3 este martes que m\u00e1s de 70.000 mil j\u00f3venes en todo el pa\u00eds se han beneficiado del subsidio de 25% que el Gobierno entrega a las empresas que contraten personas entre los 18 y los 28 a\u00f1os. \u201cYa, a hoy, tenemos m\u00e1s de 70 mil j\u00f3venes en todo el pa\u00eds que est\u00e1n recibiendo<\/p>\n","protected":false},"author":1,"featured_media":7922,"comment_status":"closed","ping_status":"closed","sticky":false,"template":"","format":"standard","meta":{"footnotes":""},"categories":[181],"tags":[],"class_list":["post-7921","post","type-post","status-publish","format-standard","has-post-thumbnail","hentry","category-noticias"],"views":134,"_links":{"self":[{"href":"https:\/\/www.amchambaq.com\/es_co\/wp-json\/wp\/v2\/posts\/7921","targetHints":{"allow":["GET"]}}],"collection":[{"href":"https:\/\/www.amchambaq.com\/es_co\/wp-json\/wp\/v2\/posts"}],"about":[{"href":"https:\/\/www.amchambaq.com\/es_co\/wp-json\/wp\/v2\/types\/post"}],"author":[{"embeddable":true,"href":"https:\/\/www.amchambaq.com\/es_co\/wp-json\/wp\/v2\/users\/1"}],"replies":[{"embeddable":true,"href":"https:\/\/www.amchambaq.com\/es_co\/wp-json\/wp\/v2\/comments?post=7921"}],"version-history":[{"count":1,"href":"https:\/\/www.amchambaq.com\/es_co\/wp-json\/wp\/v2\/posts\/7921\/revisions"}],"predecessor-version":[{"id":7923,"href":"https:\/\/www.amchambaq.com\/es_co\/wp-json\/wp\/v2\/posts\/7921\/revisions\/7923"}],"wp:featuredmedia":[{"embeddable":true,"href":"https:\/\/www.amchambaq.com\/es_co\/wp-json\/wp\/v2\/media\/7922"}],"wp:attachment":[{"href":"https:\/\/www.amchambaq.com\/es_co\/wp-json\/wp\/v2\/media?parent=7921"}],"wp:term":[{"taxonomy":"category","embeddable":true,"href":"https:\/\/www.amchambaq.com\/es_co\/wp-json\/wp\/v2\/categories?post=7921"},{"taxonomy":"post_tag","embeddable":true,"href":"https:\/\/www.amchambaq.com\/es_co\/wp-json\/wp\/v2\/tags?post=7921"}],"curies":[{"name":"wp","href":"https:\/\/api.w.org\/{rel}","templated":true}]}}